{"id":114187,"date":"2021-04-02T13:04:36","date_gmt":"2021-04-02T17:04:36","guid":{"rendered":"https:\/\/linitiative.ca\/International\/suivi-du-programme-de-mise-en-valeur-du-site-ighoud\/"},"modified":"2021-04-02T13:04:36","modified_gmt":"2021-04-02T17:04:36","slug":"suivi-du-programme-de-mise-en-valeur-du-site-ighoud","status":"publish","type":"post","link":"https:\/\/linitiative.ca\/International\/suivi-du-programme-de-mise-en-valeur-du-site-ighoud\/","title":{"rendered":"Suivi du programme de mise en valeur du site Ighoud"},"content":{"rendered":"<div readability=\"36\">\n<p>Youssoufia- Une r\u00e9union consacr\u00e9e au suivi de l\u2019\u00e9tat d\u2019avancement du programme de valorisation du site arch\u00e9ologique d\u2019Ighoud et de mise \u00e0 niveau de son environnement a \u00e9t\u00e9 tenue, jeudi, au si\u00e8ge de la pr\u00e9fecture de la province de Youssoufia.<\/p>\n<\/div>\n<div readability=\"89\">\n<p>Cette r\u00e9union, pr\u00e9sid\u00e9e par le wali de la r\u00e9gion Marrakech-Safi, Karim Kassi-Lahlou, en pr\u00e9sence du gouverneur de la province de Youssoufia, Mohamed Salem Essabti, du pr\u00e9sident du conseil provincial et des chefs des services et des d\u00e9partements concern\u00e9s par ledit programme, a \u00e9t\u00e9 marqu\u00e9e par la pr\u00e9sentation d\u2019un expos\u00e9 d\u00e9taill\u00e9 sur l\u2019\u00e9tat d\u2019avancement des travaux, qui ont atteint des taux de r\u00e9alisation avanc\u00e9s.<\/p>\n<p>Ces travaux portent sur la mise \u00e0 niveau et la valorisation du site arch\u00e9ologique avec quatre projets d\u2019un co\u00fbt global de 50 millions DH (MDH), la mise \u00e0 niveau du centre de la commune d\u2019Ighoud \u00e0 travers 21 projets pour un investissement de 125 MDH, ainsi que sur l\u2019\u00e9largissement et le renforcement des axes routiers (5 projets pour une enveloppe de 135 MDH).<\/p>\n<p>Les chefs des services et des d\u00e9partements concern\u00e9s par la r\u00e9alisation des d\u00e9pendances \u00e0 caract\u00e8re social ont aussi pr\u00e9sent\u00e9 la conception en vue pour l\u2019\u00e9quipement et la gestion de ces structures afin qu\u2019elles soient op\u00e9rationnelles le jour de leur ouverture.<\/p>\n<p>Au terme de cette r\u00e9union, le wali et la d\u00e9l\u00e9gation l\u2019accompagnant ont effectu\u00e9 une visite de terrain \u00e0 des projets en cours de r\u00e9alisation dans le centre de la commune d\u2019Ighoud, \u00e0 savoir le centre de transformation des d\u00e9chets m\u00e9nagers et l\u2019\u00e9radication des points noirs, le terrain de sport, la gare routi\u00e8re, l\u2019am\u00e9nagement de la voie principale, les terrains de proximit\u00e9, la maison des jeunes et le si\u00e8ge de la commune.<\/p>\n<p>La visite a \u00e9galement port\u00e9 sur les projets concernant l\u2019am\u00e9nagement d\u2019une place publique, les locaux de vente des produits de terroir, le centre social, la biblioth\u00e8que de proximit\u00e9, la maison de maternit\u00e9, l\u2019extension du centre de sant\u00e9, le club f\u00e9minin, la maison de l\u2019\u00e9tudiant et le souk hebdomadaire, ainsi que les travaux d\u2019\u00e9clairage public et d\u2019am\u00e9nagement des quartiers sous-\u00e9quip\u00e9s.<\/p>\n<p>Lors de cette visite, le wali a donn\u00e9 ses instructions pour l\u2019ach\u00e8vement des travaux dans les d\u00e9lais fix\u00e9s, afin de r\u00e9pondre aux attentes de la population et d\u2019adh\u00e9rer de mani\u00e8re agissante \u00e0 la dynamique de d\u00e9veloppement que vise ledit programme.<\/p>\n<p>A rappeler que le programme de valorisation du site arch\u00e9ologique d\u2019Ighoud et de mise \u00e0 niveau de son environnement est dot\u00e9 d\u2019une enveloppe budg\u00e9taire globale de 310 MDH, \u00e0 la faveur de la mobilisation de plusieurs partenaires.<\/p>\n<\/div>\n<p>Auteur: Mohammed KOURSI<br \/>\n<a href=\"http:\/\/www.mapmarrakech.ma\/fr\/suivi-du-programme-de-mise-en-valeur-du-site-ighoud\/\">Cliquez ici pour lire l&rsquo;article depuis sa source.<\/a><\/p>\n","protected":false},"excerpt":{"rendered":"<p>Youssoufia- Une r\u00e9union consacr\u00e9e au suivi de l\u2019\u00e9tat d\u2019avancement du programme de valorisation du site arch\u00e9ologique d\u2019Ighoud et de mise \u00e0 niveau de son environnement a \u00e9t\u00e9 tenue, jeudi, au si\u00e8ge de la pr\u00e9fecture de la province de Youssoufia. Cette r\u00e9union, pr\u00e9sid\u00e9e par le wali de la r\u00e9gion Marrakech-Safi, Karim Kassi-Lahlou, en pr\u00e9sence du gouverneur [&hellip;]<\/p>\n","protected":false},"author":1788,"featured_media":0,"comment_status":"closed","ping_status":"closed","sticky":false,"template":"","format":"standard","meta":{"fifu_image_url":"","fifu_image_alt":"","footnotes":""},"categories":[54,76],"tags":[],"class_list":["post-114187","post","type-post","status-publish","format-standard","hentry","category-maroc","category-regions"],"_links":{"self":[{"href":"https:\/\/linitiative.ca\/International\/wp-json\/wp\/v2\/posts\/114187","targetHints":{"allow":["GET"]}}],"collection":[{"href":"https:\/\/linitiative.ca\/International\/wp-json\/wp\/v2\/posts"}],"about":[{"href":"https:\/\/linitiative.ca\/International\/wp-json\/wp\/v2\/types\/post"}],"author":[{"embeddable":true,"href":"https:\/\/linitiative.ca\/International\/wp-json\/wp\/v2\/users\/1788"}],"replies":[{"embeddable":true,"href":"https:\/\/linitiative.ca\/International\/wp-json\/wp\/v2\/comments?post=114187"}],"version-history":[{"count":0,"href":"https:\/\/linitiative.ca\/International\/wp-json\/wp\/v2\/posts\/114187\/revisions"}],"wp:attachment":[{"href":"https:\/\/linitiative.ca\/International\/wp-json\/wp\/v2\/media?parent=114187"}],"wp:term":[{"taxonomy":"category","embeddable":true,"href":"https:\/\/linitiative.ca\/International\/wp-json\/wp\/v2\/categories?post=114187"},{"taxonomy":"post_tag","embeddable":true,"href":"https:\/\/linitiative.ca\/International\/wp-json\/wp\/v2\/tags?post=114187"}],"curies":[{"name":"wp","href":"https:\/\/api.w.org\/{rel}","templated":true}]}}