{"id":114189,"date":"2021-04-02T10:53:48","date_gmt":"2021-04-02T14:53:48","guid":{"rendered":"https:\/\/linitiative.ca\/International\/fouzi-lekjaa-reconduit-a-la-tete-de-la-commission-des-finances-de-la-caf\/"},"modified":"2021-04-02T10:53:48","modified_gmt":"2021-04-02T14:53:48","slug":"fouzi-lekjaa-reconduit-a-la-tete-de-la-commission-des-finances-de-la-caf","status":"publish","type":"post","link":"https:\/\/linitiative.ca\/International\/fouzi-lekjaa-reconduit-a-la-tete-de-la-commission-des-finances-de-la-caf\/","title":{"rendered":"Fouzi Lekjaa reconduit \u00e0 la t\u00eate de la Commission des finances de la CAF"},"content":{"rendered":"<p class=\"c4\">La Conf\u00e9d\u00e9ration africaine de football (CAF) a proc\u00e9d\u00e9 \u00e0 de nouvelles nominations \u00e0 la t\u00eate de ses structures organisationnelles, dont le maintien du pr\u00e9sident de la F\u00e9d\u00e9ration royale marocaine de football (FRMF), Fouzi Lekjaa, \u00e0 son poste de pr\u00e9sident de la Commission des finances de l\u2019instance dirigeante du football africain.<\/p>\n<p class=\"c4\">La CAF ajoute dans un communiqu\u00e9 publi\u00e9 sur son site web, que le Comit\u00e9 ex\u00e9cutif, r\u00e9uni mardi en visioconf\u00e9rence, a \u00e9galement d\u00e9sign\u00e9 Abdigani Said Arab, pr\u00e9sident de la F\u00e9d\u00e9ration somalienne de football, en tant que membre dudit comit\u00e9.<\/p>\n<p class=\"c4\">De leur c\u00f4t\u00e9, l\u2019Egyptien Hany Abo Rida et le Nig\u00e9rian Amajo Melvin Pinnick ont \u00e9t\u00e9 d\u00e9sign\u00e9s membres du Comit\u00e9 d\u2019urgence de l\u2019instance dirigeante du football africain.<\/p>\n<p class=\"c4\">Quant \u00e0 l\u2019Ivoirien Jacques Anouma et le Sud-africain Daniel Alexander Jordaan, ils ont \u00e9t\u00e9 d\u00e9sign\u00e9s respectivement Conseiller sp\u00e9cial Senior et Conseiller en charge du Sport et du Marketing aupr\u00e8s du pr\u00e9sident de la CAF.<\/p>\n<p class=\"c4\">Au cours de cette r\u00e9union, le secr\u00e9taire g\u00e9n\u00e9ral de la CAF, V\u00e9ron Mosengo-Omba a pr\u00e9sent\u00e9 un rapport sur la d\u00e9t\u00e9rioration de l\u2019\u00e9tat de certaines infrastructures (stades et tribunes d\u2019accueil) qui n\u2019offrent plus de garanties pour accueillir les comp\u00e9titions de la CAF, en particulier les matches de la Coupe d\u2019Afrique des Nations Total.<\/p>\n<p class=\"c4\">Les participants \u00e0 cette r\u00e9union ont indiqu\u00e9 que le d\u00e9veloppement des infrastructures est l\u2019une des priorit\u00e9s les plus importantes de la Conf\u00e9d\u00e9ration. A ce sujet, un plan d\u00e9taill\u00e9 sera pr\u00e9sent\u00e9 \u00e0 court terme.<\/p>\n<p class=\"c4\">Concernant la pol\u00e9mique autour des tests Covid-19 exig\u00e9s actuellement lors des comp\u00e9titions, le Comit\u00e9 ex\u00e9cutif a fait \u00e9tat de lancement de discussions en coop\u00e9ration avec l\u2019Organisation mondiale de la sant\u00e9 (OMS) pour mettre en place des organes ind\u00e9pendants charg\u00e9s de mener les tests, notamment lors de la Coupe d\u2019Afrique des Nations Total, pr\u00e9vue au Cameroun en 2022.<\/p>\n<p class=\"c4\">Le Comit\u00e9 ex\u00e9cutif\u00a0a par ailleurs approuv\u00e9 les dates propos\u00e9es pour le tirage au sort de la Coupe d\u2019Afrique des Nations Total Cameroun 2022 (25 juin 2021) et la comp\u00e9tition (du 9 janvier 2022 au 6 f\u00e9vrier 2022).<\/p>\n<p>Auteur: Soufiane ELAHMAR<br \/>\n<a href=\"http:\/\/www.mapoujda.ma\/fr\/fouzi-lekjaa-reconduit-a-la-tete-de-la-commission-des-finances-de-la-caf\/\">Cliquez ici pour lire l&rsquo;article depuis sa source.<\/a><\/p>\n","protected":false},"excerpt":{"rendered":"<p>La Conf\u00e9d\u00e9ration africaine de football (CAF) a proc\u00e9d\u00e9 \u00e0 de nouvelles nominations \u00e0 la t\u00eate de ses structures organisationnelles, dont le maintien du pr\u00e9sident de la F\u00e9d\u00e9ration royale marocaine de football (FRMF), Fouzi Lekjaa, \u00e0 son poste de pr\u00e9sident de la Commission des finances de l\u2019instance dirigeante du football africain. La CAF ajoute dans un [&hellip;]<\/p>\n","protected":false},"author":1788,"featured_media":0,"comment_status":"closed","ping_status":"closed","sticky":false,"template":"","format":"standard","meta":{"fifu_image_url":"","fifu_image_alt":"","footnotes":""},"categories":[54,76],"tags":[],"class_list":["post-114189","post","type-post","status-publish","format-standard","hentry","category-maroc","category-regions"],"_links":{"self":[{"href":"https:\/\/linitiative.ca\/International\/wp-json\/wp\/v2\/posts\/114189","targetHints":{"allow":["GET"]}}],"collection":[{"href":"https:\/\/linitiative.ca\/International\/wp-json\/wp\/v2\/posts"}],"about":[{"href":"https:\/\/linitiative.ca\/International\/wp-json\/wp\/v2\/types\/post"}],"author":[{"embeddable":true,"href":"https:\/\/linitiative.ca\/International\/wp-json\/wp\/v2\/users\/1788"}],"replies":[{"embeddable":true,"href":"https:\/\/linitiative.ca\/International\/wp-json\/wp\/v2\/comments?post=114189"}],"version-history":[{"count":0,"href":"https:\/\/linitiative.ca\/International\/wp-json\/wp\/v2\/posts\/114189\/revisions"}],"wp:attachment":[{"href":"https:\/\/linitiative.ca\/International\/wp-json\/wp\/v2\/media?parent=114189"}],"wp:term":[{"taxonomy":"category","embeddable":true,"href":"https:\/\/linitiative.ca\/International\/wp-json\/wp\/v2\/categories?post=114189"},{"taxonomy":"post_tag","embeddable":true,"href":"https:\/\/linitiative.ca\/International\/wp-json\/wp\/v2\/tags?post=114189"}],"curies":[{"name":"wp","href":"https:\/\/api.w.org\/{rel}","templated":true}]}}