{"id":114191,"date":"2021-04-02T11:10:59","date_gmt":"2021-04-02T15:10:59","guid":{"rendered":"https:\/\/linitiative.ca\/International\/damane-relance-loctroi-des-credits-proroge-au-30-juin-2021\/"},"modified":"2021-04-02T11:10:59","modified_gmt":"2021-04-02T15:10:59","slug":"damane-relance-loctroi-des-credits-proroge-au-30-juin-2021","status":"publish","type":"post","link":"https:\/\/linitiative.ca\/International\/damane-relance-loctroi-des-credits-proroge-au-30-juin-2021\/","title":{"rendered":"\u00ab\u00a0Damane Relance\u00a0\u00bb: L\u2019octroi des cr\u00e9dits prorog\u00e9 au 30 juin 2021"},"content":{"rendered":"<div class=\"single-featured\"><img alt=\"\" data-src=\"http:\/\/www.mapoujda.ma\/map\/uploads\/2020\/03\/Le-Minist\u00e8re-de-l\u2019\u00c9conomie-des-Finances-et-de-la-R\u00e9forme-de-l\u2019Administration-M750\u00d7430-MAP-2.jpg\"\/><\/div>\n<div class=\"entry-content clearfix single-post-content\" readability=\"59\">\n<p class=\"c4\">Le Comit\u00e9 de veille \u00e9conomique (CVE), r\u00e9uni vendredi en mode visioconf\u00e9rence, a annonc\u00e9\u00a0que l\u2019octroi des cr\u00e9dits \u00ab\u00a0Damane Relance\u00a0\u00bb, mis en place au profit des entreprises pour faire face \u00e0 la crise du nouveau coronavirus (Covid-19), est prorog\u00e9 au 30 juin 2021.<\/p>\n<p class=\"c4\">\u00ab\u00a0Afin d\u2019accompagner la demande exprim\u00e9e par les op\u00e9rateurs \u00e9conomiques priv\u00e9s et publics et permettre \u00e9galement la finalisation des dossiers toujours en cours de formalisation, il a \u00e9t\u00e9 d\u00e9cid\u00e9 de proroger au 30 juin 2021, le b\u00e9n\u00e9fice de la garantie de l\u2019Etat (Damane Relance)\u00a0\u00bb, indique le minist\u00e8re de l\u2019Economie, des finances et de la r\u00e9forme de l\u2019administration dans un communiqu\u00e9 sanctionnant les travaux de la 12\u00e8me r\u00e9union dudit comit\u00e9.<\/p>\n<p class=\"c4\">Le CVE a not\u00e9 avec satisfaction les r\u00e9sultats positifs obtenus gr\u00e2ce aux diff\u00e9rents produits de garantie mis en place pour couvrir les besoins de financement des entreprises affect\u00e9es par la crise du Covid-19, fait savoir la m\u00eame source.<\/p>\n<p class=\"c4\">Et de pr\u00e9cise qu\u2019au 31 mars dernier, ces produits de garantie ont couvert 93.419 cr\u00e9dits bancaires pour un montant global de 61,5 milliards de dirhams (MMDH) en faveur des entreprises, ce qui est en ligne avec les objectifs fix\u00e9s au niveau du Plan de relance initi\u00e9 par SM le Roi Mohammed VI.<\/p>\n<\/div>\n<p>Auteur: Soufiane ELAHMAR<br \/>\n<a href=\"http:\/\/www.mapoujda.ma\/fr\/damane-relance-loctroi-des-credits-proroge-au-30-juin-2021\/\">Cliquez ici pour lire l&rsquo;article depuis sa source.<\/a><\/p>\n","protected":false},"excerpt":{"rendered":"<p>Le Comit\u00e9 de veille \u00e9conomique (CVE), r\u00e9uni vendredi en mode visioconf\u00e9rence, a annonc\u00e9\u00a0que l\u2019octroi des cr\u00e9dits \u00ab\u00a0Damane Relance\u00a0\u00bb, mis en place au profit des entreprises pour faire face \u00e0 la crise du nouveau coronavirus (Covid-19), est prorog\u00e9 au 30 juin 2021. \u00ab\u00a0Afin d\u2019accompagner la demande exprim\u00e9e par les op\u00e9rateurs \u00e9conomiques priv\u00e9s et publics et permettre [&hellip;]<\/p>\n","protected":false},"author":1788,"featured_media":0,"comment_status":"closed","ping_status":"closed","sticky":false,"template":"","format":"standard","meta":{"fifu_image_url":"http:\/\/www.mapoujda.ma\/map\/uploads\/2020\/03\/Le-Minist\u00e8re-de-l\u2019\u00c9conomie-des-Finances-et-de-la-R\u00e9forme-de-l\u2019Administration-M750\u00d7430-MAP-2.jpg","fifu_image_alt":"\u00ab\u00a0Damane Relance\u00a0\u00bb: L\u2019octroi des cr\u00e9dits prorog\u00e9 au 30 juin 2021","footnotes":""},"categories":[54,76],"tags":[],"class_list":["post-114191","post","type-post","status-publish","format-standard","hentry","category-maroc","category-regions"],"_links":{"self":[{"href":"https:\/\/linitiative.ca\/International\/wp-json\/wp\/v2\/posts\/114191","targetHints":{"allow":["GET"]}}],"collection":[{"href":"https:\/\/linitiative.ca\/International\/wp-json\/wp\/v2\/posts"}],"about":[{"href":"https:\/\/linitiative.ca\/International\/wp-json\/wp\/v2\/types\/post"}],"author":[{"embeddable":true,"href":"https:\/\/linitiative.ca\/International\/wp-json\/wp\/v2\/users\/1788"}],"replies":[{"embeddable":true,"href":"https:\/\/linitiative.ca\/International\/wp-json\/wp\/v2\/comments?post=114191"}],"version-history":[{"count":0,"href":"https:\/\/linitiative.ca\/International\/wp-json\/wp\/v2\/posts\/114191\/revisions"}],"wp:attachment":[{"href":"https:\/\/linitiative.ca\/International\/wp-json\/wp\/v2\/media?parent=114191"}],"wp:term":[{"taxonomy":"category","embeddable":true,"href":"https:\/\/linitiative.ca\/International\/wp-json\/wp\/v2\/categories?post=114191"},{"taxonomy":"post_tag","embeddable":true,"href":"https:\/\/linitiative.ca\/International\/wp-json\/wp\/v2\/tags?post=114191"}],"curies":[{"name":"wp","href":"https:\/\/api.w.org\/{rel}","templated":true}]}}