{"id":114192,"date":"2021-04-02T09:59:18","date_gmt":"2021-04-02T13:59:18","guid":{"rendered":"https:\/\/linitiative.ca\/International\/allegement-du-deficit-commercial\/"},"modified":"2021-04-02T09:59:18","modified_gmt":"2021-04-02T13:59:18","slug":"allegement-du-deficit-commercial","status":"publish","type":"post","link":"https:\/\/linitiative.ca\/International\/allegement-du-deficit-commercial\/","title":{"rendered":"All\u00e8gement du d\u00e9ficit commercial"},"content":{"rendered":"<p class=\"rtejustify\">Le d\u00e9ficit commercial du Maroc s&rsquo;est \u00e9tabli \u00e0 24,94 milliards de dirhams (MMDH) \u00e0 fin f\u00e9vrier 2021, enregistrant un all\u00e9gement de 15,9% par rapport \u00e0 la m\u00eame p\u00e9riode une ann\u00e9e auparavant, selon l&rsquo;Office des changes. Cet all\u00e9gement s&rsquo;explique par une baisse des exportations (-2,5%) moins importante que celle des importations (-7,4%), pr\u00e9cise l&rsquo;Office dans son bulletin sur les indicateurs des \u00e9changes ext\u00e9rieurs de f\u00e9vrier 2021.<\/p>\n<p class=\"rtejustify\">Le taux de couverture s&rsquo;est \u00e9lev\u00e9, quant \u00e0 lui, \u00e0 66,5%, enregistrant une am\u00e9lioration de 3,3 points. La baisse des importations de biens fait suite au recul des achats de la majorit\u00e9 des groupes de produits, en l&rsquo;occurrence, des produits \u00e9nerg\u00e9tiques (-3,46 MMDH), des biens d\u2019\u00e9quipement (-1,43 MMDH), des demi produits (-1,4 MMDH) et des produits alimentaires (- 232 millions de dirhams MDH ), rel\u00e8ve l&rsquo;Office, notant que cette baisse est att\u00e9nu\u00e9e par la hausse des achats des produits finis de consommation (+351 MDH) et des produits bruts (+189 MDH).<\/p>\n<p class=\"rtejustify\">Parall\u00e8lement, les approvisionnements en biens d&rsquo;\u00e9quipement et en demi-produits enregistrent des baisses respectives de 6,9% et de 8,1%. Les importations des produits finis de consommation accusent, quant \u00e0 elles, une l\u00e9g\u00e8re hausse de 1,9%, suite, essentiellement, \u00e0 la hausse des achats des parties et pi\u00e8ces pour voitures de tourisme (+21,9%) et \u00e0 ceux des voitures de tourisme (+21,3%). Le recul des exportations touche principalement les ventes du textile et cuir et celles de l\u2019a\u00e9ronautique et dans une moindre mesure celles de l\u2019agriculture et agro-alimentaire.<\/p>\n<p class=\"rtejustify\">Toutefois, ce recul est att\u00e9nu\u00e9 essentiellement par la hausse des ventes du secteur automobile et celles des phosphates et d\u00e9riv\u00e9s (+7,9%). Dans le d\u00e9tail, les exportations du secteur textile et cuir se sont repli\u00e9es de 17,5% \u00e0 5,09 MMDH, sous l&rsquo;effet du recul des ventes des v\u00eatements confectionn\u00e9s (-18%) et celles des chaussures (-29,6%). Les exportations de l&rsquo;automobile affichent une hausse de 4,1% \u00e0 fin f\u00e9vrier 2021, gr\u00e2ce \u00e0 l&rsquo;accroissement des ventes du segment \u00ab\u00a0construction\u00a0\u00bb de 8,6%. Cette hausse est ralentie par la baisse des ventes du segment \u00ab\u00a0c\u00e2blage\u00a0\u00bb et du segment \u00ab\u00a0int\u00e9rieur v\u00e9hicules et si\u00e8ges\u00a0\u00bb de 3,7% et 2,2% respectivement.<\/p>\n<p class=\"rtejustify\">Au titre des deux premiers mois de l&rsquo;ann\u00e9e 2021, la balance des \u00e9changes de services affiche un exc\u00e9dent en baisse de 42,2% \u00e0 8,68 MMD.<\/p>\n<p class=\"rtejustify\">\u00a0<\/p>\n<p>Auteur: mbasraoui<br \/>\n<a href=\"https:\/\/www.leconomiste.com\/flash-infos\/allegement-du-deficit-commercial\">Cliquez ici pour lire l&rsquo;article depuis sa source.<\/a><\/p>\n","protected":false},"excerpt":{"rendered":"<p>Le d\u00e9ficit commercial du Maroc s&rsquo;est \u00e9tabli \u00e0 24,94 milliards de dirhams (MMDH) \u00e0 fin f\u00e9vrier 2021, enregistrant un all\u00e9gement de 15,9% par rapport \u00e0 la m\u00eame p\u00e9riode une ann\u00e9e auparavant, selon l&rsquo;Office des changes. Cet all\u00e9gement s&rsquo;explique par une baisse des exportations (-2,5%) moins importante que celle des importations (-7,4%), pr\u00e9cise l&rsquo;Office dans son [&hellip;]<\/p>\n","protected":false},"author":1763,"featured_media":0,"comment_status":"closed","ping_status":"closed","sticky":false,"template":"","format":"standard","meta":{"fifu_image_url":"","fifu_image_alt":"","footnotes":""},"categories":[78,54],"tags":[],"class_list":["post-114192","post","type-post","status-publish","format-standard","hentry","category-economie","category-maroc"],"_links":{"self":[{"href":"https:\/\/linitiative.ca\/International\/wp-json\/wp\/v2\/posts\/114192","targetHints":{"allow":["GET"]}}],"collection":[{"href":"https:\/\/linitiative.ca\/International\/wp-json\/wp\/v2\/posts"}],"about":[{"href":"https:\/\/linitiative.ca\/International\/wp-json\/wp\/v2\/types\/post"}],"author":[{"embeddable":true,"href":"https:\/\/linitiative.ca\/International\/wp-json\/wp\/v2\/users\/1763"}],"replies":[{"embeddable":true,"href":"https:\/\/linitiative.ca\/International\/wp-json\/wp\/v2\/comments?post=114192"}],"version-history":[{"count":0,"href":"https:\/\/linitiative.ca\/International\/wp-json\/wp\/v2\/posts\/114192\/revisions"}],"wp:attachment":[{"href":"https:\/\/linitiative.ca\/International\/wp-json\/wp\/v2\/media?parent=114192"}],"wp:term":[{"taxonomy":"category","embeddable":true,"href":"https:\/\/linitiative.ca\/International\/wp-json\/wp\/v2\/categories?post=114192"},{"taxonomy":"post_tag","embeddable":true,"href":"https:\/\/linitiative.ca\/International\/wp-json\/wp\/v2\/tags?post=114192"}],"curies":[{"name":"wp","href":"https:\/\/api.w.org\/{rel}","templated":true}]}}