{"id":114194,"date":"2021-04-02T10:02:13","date_gmt":"2021-04-02T14:02:13","guid":{"rendered":"https:\/\/linitiative.ca\/International\/nexans-quitte-la-bourse-de-casablanca\/"},"modified":"2021-04-02T10:02:13","modified_gmt":"2021-04-02T14:02:13","slug":"nexans-quitte-la-bourse-de-casablanca","status":"publish","type":"post","link":"https:\/\/linitiative.ca\/International\/nexans-quitte-la-bourse-de-casablanca\/","title":{"rendered":"Nexans quitte la bourse de Casablanca"},"content":{"rendered":"<p class=\"rtejustify\">Le conseil d&rsquo;administration de Nexans Maroc, r\u00e9uni jeudi, a d\u00e9cid\u00e9 de proc\u00e9der \u00e0 la radiation de ses titres de capital de la cote de la bourse de Casablanca.<\/p>\n<p class=\"rtejustify\">Cette d\u00e9cision a \u00e9t\u00e9 prise en raison notamment de la faible liquidit\u00e9 du titre et de la visibilit\u00e9 limit\u00e9e au sein de la cote, fait savoir Nexans dans un communiqu\u00e9.<\/p>\n<p class=\"rtejustify\">En cons\u00e9quence, une offre publique de retrait portant sur la totalit\u00e9 des titres de capital de Nexans Maroc, sera lanc\u00e9e par son actionnaire majoritaire, Nexans participations, conform\u00e9ment aux dispositions de la loi n 26-03 relative aux offres publiques sur le march\u00e9 boursier, telle que modifi\u00e9e et compl\u00e9t\u00e9e.<\/p>\n<p class=\"rtejustify\">\u00a0<\/p>\n<p>Auteur: mbasraoui<br \/>\n<a href=\"https:\/\/www.leconomiste.com\/flash-infos\/nexans-quitte-la-bourse-de-casablanca\">Cliquez ici pour lire l&rsquo;article depuis sa source.<\/a><\/p>\n","protected":false},"excerpt":{"rendered":"<p>Le conseil d&rsquo;administration de Nexans Maroc, r\u00e9uni jeudi, a d\u00e9cid\u00e9 de proc\u00e9der \u00e0 la radiation de ses titres de capital de la cote de la bourse de Casablanca. Cette d\u00e9cision a \u00e9t\u00e9 prise en raison notamment de la faible liquidit\u00e9 du titre et de la visibilit\u00e9 limit\u00e9e au sein de la cote, fait savoir Nexans [&hellip;]<\/p>\n","protected":false},"author":1763,"featured_media":0,"comment_status":"closed","ping_status":"closed","sticky":false,"template":"","format":"standard","meta":{"fifu_image_url":"","fifu_image_alt":"","footnotes":""},"categories":[78,54],"tags":[],"class_list":["post-114194","post","type-post","status-publish","format-standard","hentry","category-economie","category-maroc"],"_links":{"self":[{"href":"https:\/\/linitiative.ca\/International\/wp-json\/wp\/v2\/posts\/114194","targetHints":{"allow":["GET"]}}],"collection":[{"href":"https:\/\/linitiative.ca\/International\/wp-json\/wp\/v2\/posts"}],"about":[{"href":"https:\/\/linitiative.ca\/International\/wp-json\/wp\/v2\/types\/post"}],"author":[{"embeddable":true,"href":"https:\/\/linitiative.ca\/International\/wp-json\/wp\/v2\/users\/1763"}],"replies":[{"embeddable":true,"href":"https:\/\/linitiative.ca\/International\/wp-json\/wp\/v2\/comments?post=114194"}],"version-history":[{"count":0,"href":"https:\/\/linitiative.ca\/International\/wp-json\/wp\/v2\/posts\/114194\/revisions"}],"wp:attachment":[{"href":"https:\/\/linitiative.ca\/International\/wp-json\/wp\/v2\/media?parent=114194"}],"wp:term":[{"taxonomy":"category","embeddable":true,"href":"https:\/\/linitiative.ca\/International\/wp-json\/wp\/v2\/categories?post=114194"},{"taxonomy":"post_tag","embeddable":true,"href":"https:\/\/linitiative.ca\/International\/wp-json\/wp\/v2\/tags?post=114194"}],"curies":[{"name":"wp","href":"https:\/\/api.w.org\/{rel}","templated":true}]}}