{"id":114197,"date":"2021-04-02T15:14:04","date_gmt":"2021-04-02T19:14:04","guid":{"rendered":"https:\/\/linitiative.ca\/International\/pros-ogc-nice-youcef-atal-rechute\/"},"modified":"2021-04-02T15:14:04","modified_gmt":"2021-04-02T19:14:04","slug":"pros-ogc-nice-youcef-atal-rechute","status":"publish","type":"post","link":"https:\/\/linitiative.ca\/International\/pros-ogc-nice-youcef-atal-rechute\/","title":{"rendered":"Pros : OGC Nice: Youcef Atal rechute !"},"content":{"rendered":"<div readability=\"32\">\n<p>Auteur : <span class=\"time\">vendredi 02 avril 2021 15:37<\/span><\/p>\n<\/div>\n<div id=\"post_core\" readability=\"48\">\n<p>Qu\u2019en est-il de la condition physique de l\u2019international alg\u00e9rien Youcef Atal ? Revenu, il y a deux semaines, lors de la rencontre face \u00e0 l\u2019OM, apr\u00e8s une l\u00e9sion \u00e0 l\u2019adducteur gauche, le lat\u00e9ral ni\u00e7ois s\u2019est \u00e0 nouveau bless\u00e9 au m\u00eame endroit a indiqu\u00e9 Adrian Ursea. \u00ab Youcef Atal a rechut\u00e9\u2026 On a tous consid\u00e9r\u00e9 qu\u2019il fallait l\u2019\u00e9couter car c\u2019est lui qui ressent son corps. Malheureusement, ses sensations l\u2019ont peut-\u00eatre induit en erreur, et nous aussi. Il ne faut pas donner lieu \u00e0 des interpr\u00e9tations : \u00e7a partait d\u2019un bon sentiment de sa part. Il connaissait la situation dans laquelle on \u00e9tait, il a voulu se donner la chance de prendre part \u00e0 ce match important, pour aider l\u2019\u00e9quipe.\u00a0 Malheureusement, \u00e7a lui a jou\u00e9 un tour. \u00bb Touch\u00e9 par une nouvelle l\u00e9sion aux adducteurs de grade 2, l\u2019alg\u00e9rien devra s\u2019absenter encore quatre semaines. Mais comme deux se sont d\u00e9j\u00e0 \u00e9coul\u00e9es, il en a encore pour deux semaines rapporte actufoot.com.<\/p>\n<p><strong>Publi\u00e9 dans :<\/strong> <span>Youcef Atal<\/span><\/p>\n<\/div>\n<p>Auteur:<br \/>\n<a href=\"http:\/\/www.lebuteur.com\/article\/detail?titre=ogc-nice-youcef-atal-rechute&#038;id=99581&#038;utm_source=feedburner&#038;utm_medium=feed&#038;utm_campaign=Feed%3A+GalerieFArtciles+%28Les+derniers+articles++-+lebuteur.com%29\">Cliquez ici pour lire l&rsquo;article depuis sa source.<\/a><\/p>\n","protected":false},"excerpt":{"rendered":"<p>Auteur : vendredi 02 avril 2021 15:37 Qu\u2019en est-il de la condition physique de l\u2019international alg\u00e9rien Youcef Atal ? Revenu, il y a deux semaines, lors de la rencontre face \u00e0 l\u2019OM, apr\u00e8s une l\u00e9sion \u00e0 l\u2019adducteur gauche, le lat\u00e9ral ni\u00e7ois s\u2019est \u00e0 nouveau bless\u00e9 au m\u00eame endroit a indiqu\u00e9 Adrian Ursea. \u00ab Youcef Atal [&hellip;]<\/p>\n","protected":false},"author":1738,"featured_media":0,"comment_status":"closed","ping_status":"closed","sticky":false,"template":"","format":"standard","meta":{"fifu_image_url":"\/\/cdn.lebuteur.com\/data\/images\/article\/thumbs\/large-99581ogc-nice-youcef-atal-rechute-28764.jpg","fifu_image_alt":"Pros : OGC Nice: Youcef Atal rechute !","footnotes":""},"categories":[53,75],"tags":[],"class_list":["post-114197","post","type-post","status-publish","format-standard","hentry","category-algerie","category-sport"],"_links":{"self":[{"href":"https:\/\/linitiative.ca\/International\/wp-json\/wp\/v2\/posts\/114197","targetHints":{"allow":["GET"]}}],"collection":[{"href":"https:\/\/linitiative.ca\/International\/wp-json\/wp\/v2\/posts"}],"about":[{"href":"https:\/\/linitiative.ca\/International\/wp-json\/wp\/v2\/types\/post"}],"author":[{"embeddable":true,"href":"https:\/\/linitiative.ca\/International\/wp-json\/wp\/v2\/users\/1738"}],"replies":[{"embeddable":true,"href":"https:\/\/linitiative.ca\/International\/wp-json\/wp\/v2\/comments?post=114197"}],"version-history":[{"count":0,"href":"https:\/\/linitiative.ca\/International\/wp-json\/wp\/v2\/posts\/114197\/revisions"}],"wp:attachment":[{"href":"https:\/\/linitiative.ca\/International\/wp-json\/wp\/v2\/media?parent=114197"}],"wp:term":[{"taxonomy":"category","embeddable":true,"href":"https:\/\/linitiative.ca\/International\/wp-json\/wp\/v2\/categories?post=114197"},{"taxonomy":"post_tag","embeddable":true,"href":"https:\/\/linitiative.ca\/International\/wp-json\/wp\/v2\/tags?post=114197"}],"curies":[{"name":"wp","href":"https:\/\/api.w.org\/{rel}","templated":true}]}}