{"id":114198,"date":"2021-04-02T15:14:17","date_gmt":"2021-04-02T19:14:17","guid":{"rendered":"https:\/\/linitiative.ca\/International\/equipe-dalgerie-belmadi-len-et-la-faf-ne-font-quun-ensemble-qui-tire-dans-le-meme-sens\/"},"modified":"2021-04-02T15:14:17","modified_gmt":"2021-04-02T19:14:17","slug":"equipe-dalgerie-belmadi-len-et-la-faf-ne-font-quun-ensemble-qui-tire-dans-le-meme-sens","status":"publish","type":"post","link":"https:\/\/linitiative.ca\/International\/equipe-dalgerie-belmadi-len-et-la-faf-ne-font-quun-ensemble-qui-tire-dans-le-meme-sens\/","title":{"rendered":"Equipe d&rsquo;Alg\u00e9rie : Belmadi : l&rsquo;EN et la FAF ne font qu'\u00a0\u00bbun ensemble qui tire dans le m\u00eame sens\u00a0\u00bb"},"content":{"rendered":"<div readability=\"32\">\n<p>Auteur : <span>APS<\/span> <span class=\"time\">vendredi 02 avril 2021 16:31<\/span><\/p>\n<\/div>\n<div id=\"post_core\" readability=\"85\">\n<p>Le s\u00e9lectionneur national, Djamel Belmadi, a d\u00e9clar\u00e9 vendredi qu&rsquo;il esp\u00e9rait \u00ab\u00a0un tournant juste et positif\u00a0\u00bb, avec l&rsquo;\u00e9lection d&rsquo;un nouveau pr\u00e9sident de la F\u00e9d\u00e9ration alg\u00e9rienne (FAF), en remplacement de Khe\u00efreddine Zetchi, qui a d\u00e9cid\u00e9 de ne pas briguer un deuxi\u00e8me mandat: \u00ab\u00a0La transition fait que nous allons vers un nouveau pr\u00e9sident de la FAF, j&rsquo;esp\u00e8re tout simplement qu&rsquo;il aura le m\u00eame souci que Zetchi. Il va y avoir un nouveau pr\u00e9sident et un nouveau Bureau f\u00e9d\u00e9ral. Je souhaite \u00e0 l&rsquo;instar de tous les Alg\u00e9riens, que l&rsquo;\u00e9quipe puisse avancer et progresser, que l&rsquo;organisation continue d&rsquo;\u00eatre performante. Je veux que ce tournant soit juste et positif, c&rsquo;est ma seule appr\u00e9hension. Je ne veux pas que demain les choses tournent au vinaigre, et avoir des freins ici et l\u00e0, et nous nous retrouverons en difficult\u00e9\u00a0\u00bb, a indiqu\u00e9 Belmadi sur les ondes de la Cha\u00eene 3 radio nationale. Elu en mars 2017, en remplacement de Mohamed Raouraoua, Zetchi a d\u00e9cid\u00e9 de ne pas se porter candidat, en vue des prochaines \u00e9lections, fix\u00e9es au jeudi 15 avril. Auparavant, le pr\u00e9sident sortant exposera, pour approbation aux membres de l&rsquo;AG, ses bilans moral et financier, lors de l&rsquo;assembl\u00e9e g\u00e9n\u00e9rale ordinaire (AGO) pr\u00e9vue lundi. \u00ab\u00a0Je ne peux pas dire que je vois un horizon sombre demain. Je dis que j&rsquo;\u00e9tais tr\u00e8s bien sans pour autant \u00eatre parfait, cette id\u00e9e de progression que j&rsquo;avais eue avec le pr\u00e9sident Zetchi, qui \u00e9tait tout \u00e0 fait d&rsquo;accord, qu&rsquo;il fallait souvent se remettre en question et am\u00e9liorer les choses. Il y&rsquo;a eu des \u00e9l\u00e9ments de progression, la finalit\u00e9 c&rsquo;est d&rsquo;\u00eatre pr\u00eats pour le match\u00a0\u00bb, a-t-il ajout\u00e9. Belmadi a tenu \u00e0 pr\u00e9ciser que l&rsquo;\u00e9quipe nationale et la FAF ne font qu'\u00a0\u00bbun ensemble qui tire dans le m\u00eame sens\u00a0\u00bb. \u00ab\u00a0Ceux qui pensent que la s\u00e9lection et son staff sont d&rsquo;un c\u00f4t\u00e9 et la F\u00e9d\u00e9ration de l&rsquo;autre, je leur dis que c&rsquo;est totalement faux. C&rsquo;est plut\u00f4t un ensemble coh\u00e9rent qui fonctionne et qui tire dans le m\u00eame sens, chacun dans son domaine de comp\u00e9tence, et dans ses pr\u00e9rogatives. Il y&rsquo;a eu une F\u00e9d\u00e9ration qui a fait un travail brillant\u00a0\u00bb. Le coach national est revenu sur la discussion qu&rsquo;il a eue avec les autorit\u00e9s, en marge du dernier stage effectu\u00e9 en mars \u00e0 Alger, en vue des deux derni\u00e8res journ\u00e9es des qualifications de la CAN-2021, d\u00e9cal\u00e9e \u00e0 2022 au Cameroun. \u00ab\u00a0Au cours de la discussion qu&rsquo;on a pu avoir avec les autorit\u00e9s, croyez-moi que je suis tout \u00e0 fait rest\u00e9 \u00e0 ma place, je sais o\u00f9 sont mes pr\u00e9rogatives, je ne d\u00e9passe pas les limites. Quand on a fait appel \u00e0 moi pour discuter du football et de l&rsquo;\u00e9quipe nationale, je n&rsquo;ai pas le choix que d&rsquo;aller pour en parler. On me pose des questions, je r\u00e9ponds, sinon je n&rsquo;ai jamais demand\u00e9 de rencontrer qui que ce soit. Par respect, j&rsquo;y vais\u00a0\u00bb, a-t-il soulign\u00e9. Enfin, Belmadi s&rsquo;est projet\u00e9 vers le 2e tour \u00e9liminatoire de la Coupe du monde 2022, dont le coup d&rsquo;envoi est pr\u00e9vu en juin prochain, avec deux rencontres au programme : \u00e0 Blida face au Djibouti (5-8 juin) et \u00e0 Ouagadougou face au Burkina Faso (11-14 juin), qualifiant l&rsquo;objectif d&rsquo;aller au Mondial de \u00ab\u00a0projet national\u00a0\u00bb. \u00ab\u00a0Je crois en l&rsquo;\u00e9ternelle progression. Je suis exigeant dans la progression avec moi-m\u00eame mais aussi avec mes partenaires, y compris la F\u00e9d\u00e9ration. On se doit d&rsquo;\u00eatre exigeants car on est au service d&rsquo;un pays, on doit donner encore plus. C&rsquo;est le travail de tous, tout le monde a sa part d&rsquo;importance et son apport, c&rsquo;est un projet national o\u00f9 tout le monde doit tirer dans le m\u00eame sens\u00a0\u00bb, a-t-il conclu.<\/p>\n<p><strong>Publi\u00e9 dans :<\/strong> <span>Belmadi<\/span> <span>faf<\/span><\/p>\n<\/div>\n<p>Auteur:<br \/>\n<a href=\"http:\/\/www.lebuteur.com\/article\/detail?titre=belmadi-len-et-la-faf-ne-font-qu-un-ensemble-qui-tire-dans-le-meme-sens&#038;id=99582&#038;utm_source=feedburner&#038;utm_medium=feed&#038;utm_campaign=Feed%3A+GalerieFArtciles+%28Les+derniers+articles++-+lebuteur.com%29\">Cliquez ici pour lire l&rsquo;article depuis sa source.<\/a><\/p>\n","protected":false},"excerpt":{"rendered":"<p>Auteur : APS vendredi 02 avril 2021 16:31 Le s\u00e9lectionneur national, Djamel Belmadi, a d\u00e9clar\u00e9 vendredi qu&rsquo;il esp\u00e9rait \u00ab\u00a0un tournant juste et positif\u00a0\u00bb, avec l&rsquo;\u00e9lection d&rsquo;un nouveau pr\u00e9sident de la F\u00e9d\u00e9ration alg\u00e9rienne (FAF), en remplacement de Khe\u00efreddine Zetchi, qui a d\u00e9cid\u00e9 de ne pas briguer un deuxi\u00e8me mandat: \u00ab\u00a0La transition fait que nous allons vers [&hellip;]<\/p>\n","protected":false},"author":1738,"featured_media":0,"comment_status":"closed","ping_status":"closed","sticky":false,"template":"","format":"standard","meta":{"fifu_image_url":"\/\/cdn.lebuteur.com\/data\/images\/article\/thumbs\/large-99582belmadi-len-et-la-faf-ne-font-qu-un-ensemble-qui-tire-dans-le-meme-sens-22e98.jpg","fifu_image_alt":"Equipe d'Alg\u00e9rie : Belmadi : l'EN et la FAF ne font qu'\"un ensemble qui tire dans le m\u00eame sens\"","footnotes":""},"categories":[53,75],"tags":[],"class_list":["post-114198","post","type-post","status-publish","format-standard","hentry","category-algerie","category-sport"],"_links":{"self":[{"href":"https:\/\/linitiative.ca\/International\/wp-json\/wp\/v2\/posts\/114198","targetHints":{"allow":["GET"]}}],"collection":[{"href":"https:\/\/linitiative.ca\/International\/wp-json\/wp\/v2\/posts"}],"about":[{"href":"https:\/\/linitiative.ca\/International\/wp-json\/wp\/v2\/types\/post"}],"author":[{"embeddable":true,"href":"https:\/\/linitiative.ca\/International\/wp-json\/wp\/v2\/users\/1738"}],"replies":[{"embeddable":true,"href":"https:\/\/linitiative.ca\/International\/wp-json\/wp\/v2\/comments?post=114198"}],"version-history":[{"count":0,"href":"https:\/\/linitiative.ca\/International\/wp-json\/wp\/v2\/posts\/114198\/revisions"}],"wp:attachment":[{"href":"https:\/\/linitiative.ca\/International\/wp-json\/wp\/v2\/media?parent=114198"}],"wp:term":[{"taxonomy":"category","embeddable":true,"href":"https:\/\/linitiative.ca\/International\/wp-json\/wp\/v2\/categories?post=114198"},{"taxonomy":"post_tag","embeddable":true,"href":"https:\/\/linitiative.ca\/International\/wp-json\/wp\/v2\/tags?post=114198"}],"curies":[{"name":"wp","href":"https:\/\/api.w.org\/{rel}","templated":true}]}}