{"id":114199,"date":"2021-04-02T15:14:19","date_gmt":"2021-04-02T19:14:19","guid":{"rendered":"https:\/\/linitiative.ca\/International\/international-le-bayern-munich-se-penche-sur-heung-min-son\/"},"modified":"2021-04-02T15:14:19","modified_gmt":"2021-04-02T19:14:19","slug":"international-le-bayern-munich-se-penche-sur-heung-min-son","status":"publish","type":"post","link":"https:\/\/linitiative.ca\/International\/international-le-bayern-munich-se-penche-sur-heung-min-son\/","title":{"rendered":"International : Le Bayern Munich se penche sur Heung-min Son"},"content":{"rendered":"<div readability=\"32\">\n<p>Auteur : <span class=\"time\">vendredi 02 avril 2021 18:40<\/span><\/p>\n<\/div>\n<div id=\"post_core\" readability=\"44\">\n<p>Pour remplacer l\u2019international tricolore, les dirigeants bavarois pourraient se tourner du c\u00f4t\u00e9 de l\u2019Angleterre pour trouver leur bonheur. Selon le Les-Transferts et Sport Bild, le g\u00e9ant de la Bundesliga suivrait de pr\u00e8s Heung-min Son.<\/p>\n<p>Sous contrat jusqu\u2019en juin 2023 avec Tottenham, l\u2019international sud-cor\u00e9en serait estim\u00e9 \u00e0 85 millions d\u2019euros sur le march\u00e9 des transferts. Cette saison, le natif de Gangwon a inscrit 18 but et d\u00e9livr\u00e9 16 passes d\u00e9cisives en 41 rencontres toutes comp\u00e9titions confondues.<\/p>\n<p><strong>Publi\u00e9 dans :<\/strong> <span>Bayern Munich<\/span> <span>Heung-Min Son<\/span><\/p>\n<\/div>\n<p>Auteur:<br \/>\n<a href=\"http:\/\/www.lebuteur.com\/article\/detail?titre=le-bayern-munich-se-penche-sur-heung-min-son&#038;id=99583&#038;utm_source=feedburner&#038;utm_medium=feed&#038;utm_campaign=Feed%3A+GalerieFArtciles+%28Les+derniers+articles++-+lebuteur.com%29\">Cliquez ici pour lire l&rsquo;article depuis sa source.<\/a><\/p>\n","protected":false},"excerpt":{"rendered":"<p>Auteur : vendredi 02 avril 2021 18:40 Pour remplacer l\u2019international tricolore, les dirigeants bavarois pourraient se tourner du c\u00f4t\u00e9 de l\u2019Angleterre pour trouver leur bonheur. Selon le Les-Transferts et Sport Bild, le g\u00e9ant de la Bundesliga suivrait de pr\u00e8s Heung-min Son. Sous contrat jusqu\u2019en juin 2023 avec Tottenham, l\u2019international sud-cor\u00e9en serait estim\u00e9 \u00e0 85 millions [&hellip;]<\/p>\n","protected":false},"author":1738,"featured_media":0,"comment_status":"closed","ping_status":"closed","sticky":false,"template":"","format":"standard","meta":{"fifu_image_url":"\/\/cdn.lebuteur.com\/data\/images\/article\/thumbs\/large-le-bayern-munich-se-penche-sur-heung-min-son-80410.jpg","fifu_image_alt":"International : Le Bayern Munich se penche sur Heung-min Son","footnotes":""},"categories":[53,75],"tags":[],"class_list":["post-114199","post","type-post","status-publish","format-standard","hentry","category-algerie","category-sport"],"_links":{"self":[{"href":"https:\/\/linitiative.ca\/International\/wp-json\/wp\/v2\/posts\/114199","targetHints":{"allow":["GET"]}}],"collection":[{"href":"https:\/\/linitiative.ca\/International\/wp-json\/wp\/v2\/posts"}],"about":[{"href":"https:\/\/linitiative.ca\/International\/wp-json\/wp\/v2\/types\/post"}],"author":[{"embeddable":true,"href":"https:\/\/linitiative.ca\/International\/wp-json\/wp\/v2\/users\/1738"}],"replies":[{"embeddable":true,"href":"https:\/\/linitiative.ca\/International\/wp-json\/wp\/v2\/comments?post=114199"}],"version-history":[{"count":0,"href":"https:\/\/linitiative.ca\/International\/wp-json\/wp\/v2\/posts\/114199\/revisions"}],"wp:attachment":[{"href":"https:\/\/linitiative.ca\/International\/wp-json\/wp\/v2\/media?parent=114199"}],"wp:term":[{"taxonomy":"category","embeddable":true,"href":"https:\/\/linitiative.ca\/International\/wp-json\/wp\/v2\/categories?post=114199"},{"taxonomy":"post_tag","embeddable":true,"href":"https:\/\/linitiative.ca\/International\/wp-json\/wp\/v2\/tags?post=114199"}],"curies":[{"name":"wp","href":"https:\/\/api.w.org\/{rel}","templated":true}]}}