{"id":114200,"date":"2021-04-02T04:32:00","date_gmt":"2021-04-02T08:32:00","guid":{"rendered":"https:\/\/linitiative.ca\/International\/mounir-ksiksi-president-de-la-cnlct-lutte-contre-le-terrorisme-de-nouvelles-formes-mieux-adaptees-et-plus-efficaces\/"},"modified":"2021-04-02T04:32:00","modified_gmt":"2021-04-02T08:32:00","slug":"mounir-ksiksi-president-de-la-cnlct-lutte-contre-le-terrorisme-de-nouvelles-formes-mieux-adaptees-et-plus-efficaces","status":"publish","type":"post","link":"https:\/\/linitiative.ca\/International\/mounir-ksiksi-president-de-la-cnlct-lutte-contre-le-terrorisme-de-nouvelles-formes-mieux-adaptees-et-plus-efficaces\/","title":{"rendered":"Mounir Ksiksi &#8211; Pr\u00e9sident de la Cnlct &#8211; Lutte contre le terrorisme: de nouvelles formes mieux adapt\u00e9es et plus efficaces"},"content":{"rendered":"<p class=\"c3\"><strong>Il n\u2019y a pas que le virus du Covid qui g\u00e9n\u00e8re des variants, le terrorisme aussi. \u00ab Sous la pression de la traque sans rel\u00e2che et l\u2019affrontement s\u00e9curitaire et militaire, ses formes connaissent de nouvelles variations \u00bb, r\u00e9v\u00e8le \u00e0 <span class=\"c2\">Leaders<\/span> Mounir Ksiksi, pr\u00e9sident de la Commission nationale de lutte contre le terrorisme (Cnlct). \u00abLa strat\u00e9gie tunisienne se red\u00e9ploye\u00bb, affirme-t-il. Quelles sont les mutations enregistr\u00e9es dans la nature du terrorisme, ses organisations et leurs modes op\u00e9ratoires? Et quelle est l\u2019ampleur des menaces qu\u2019il exerce aujourd\u2019hui contre la Tunisie? Comment y parer?<\/strong><\/p>\n<p class=\"c3\"><strong>Ancien commandant &#8211; directeur g\u00e9n\u00e9ral de la Garde nationale (2013- 2015) et conseiller aupr\u00e8s du chef du gouvernement pour les questions s\u00e9curitaires (2020), Mounir Ksiksi, 57 ans, aligne une longue exp\u00e9rience sur le terrain, dans les r\u00e9gions et au commandement \u00e0 El Aouina. De son poste de commandement, quand il n\u2019\u00e9tait pas lui-m\u00eame sur les lieux, il avait supervis\u00e9 pendant de longues ann\u00e9es les plus grandes op\u00e9rations men\u00e9es contre les groupes terroristes et contribu\u00e9 \u00e0 \u00e9pargner de nombreuses vies humaines. En 2020, d\u00e8s le d\u00e9clenchement de la pand\u00e9mie sanitaire, il a eu l\u2019initiative de mettre en place une salle d\u2019op\u00e9ration Sp\u00e9cial Covid-19, qui sera implant\u00e9e \u00e0 El Aouina, et s\u2019av\u00e8rera pr\u00e9cieuse.<\/strong><\/p>\n<p class=\"c3\"><strong>Cet officier g\u00e9n\u00e9ral (colonel major, le grade le plus \u00e9lev\u00e9 pour le corps des forces de s\u00e9curit\u00e9 int\u00e9rieure), dipl\u00f4m\u00e9 de l\u2019Acad\u00e9mie militaire, s\u2019appuie sur une formation dipl\u00f4mante solide de parachutiste, commando, ing\u00e9nieur en technique de l\u2019armement et autres sp\u00e9cialit\u00e9s, acquise en Tunisie et \u00e0 l\u2019\u00e9tranger. En 35 ans de carri\u00e8re, il capitalis\u00e9 une pr\u00e9cieuse exp\u00e9rience en mati\u00e8re de lutte anti-terrorisme et anti-crime organis\u00e9, gestion de crise, s\u00e9curit\u00e9 des organisations vitales et leadership. A la t\u00eate de la Cnlct depuis septembre dernier, il a imprim\u00e9 un nouvel \u00e9lan \u00e0 cette institution appel\u00e9e \u00e0 jouer un r\u00f4le de plus en plus significatif.<\/strong><\/p>\n<p class=\"c3\"><strong>Au quatri\u00e8me \u00e9tage d\u2019un immeuble du Centre Urbain Nord de Tunis, qui abrite le si\u00e8ge de la Cnlct, Mounir Ksiksi est entour\u00e9 de ses 21 coll\u00e8gues, membres repr\u00e9sentant diff\u00e9rents minist\u00e8res et d\u2019un staff en secr\u00e9tariat permanent constitu\u00e9 d\u2019une douzaine de cadres. Il vient de remettre au chef de l\u2019Etat et au pr\u00e9sident de l\u2019ARP (et bient\u00f4t au chef du gouvernement) le premier rapport de la Commission, couvrant ses activit\u00e9s durant les ann\u00e9es 2016-2019. Son contenu, qui sera bient\u00f4t rendu public, se conclut par une s\u00e9rie de recommandations utiles. D\u2019ores et d\u00e9j\u00e0, la refonte de la strat\u00e9gie nationale de lutte contre le terrorisme est amorc\u00e9e. Elle sera fin pr\u00eate avant la fin de l\u2019ann\u00e9e.<\/strong><\/p>\n<p class=\"c3\"><strong>Interview.<\/strong><\/p>\n<p><span class=\"c4\"><strong>Quels sont les changements majeurs relev\u00e9s?<\/strong><\/span><\/p>\n<p>Les groupes terroristes s\u2019appuient davantage sur l\u2019hibernation et l\u2019immersion profonde au sein de la soci\u00e9t\u00e9. L\u2019ordre des facteurs risque a chang\u00e9. En premier lieu, la menace cybern\u00e9tique prend de l\u2019ampleur en tant que r\u00e9seaux de pros\u00e9lytisme, de recrutement, d\u2019embrigadement et de formation, mais aussi de planification, de logistique et d\u2019organisation d\u2019attentats. Le terrorisme cybern\u00e9tique repr\u00e9sente d\u00e9sormais un danger croissant qui recueille toute notre attention.<\/p>\n<p>Vient ensuite une plus grande collusion des terroristes avec les contrebandiers. D\u00e9j\u00e0 identifi\u00e9e, cette complicit\u00e9 cherche \u00e0 brouiller les pistes, et en tirer un profit financier et de subsistance. Un troisi\u00e8me facteur et non des moindres provient de l\u2019immersion dans d\u2019autres pays, de terroristes pourchass\u00e9s en Syrie et en Irak. Essayant de trouver de nouveaux refuges, ils tentent de se noyer dans la masse des migrants et attendent l\u2019occasion de nuire. Le quatri\u00e8me facteur concerne l\u2019imp\u00e9ratif d\u2019accorder l\u2019importance n\u00e9cessaire au retour de terroristes tunisiens qui s\u00e9vissaient \u00e0 l\u2019\u00e9tranger.<\/p>\n<p><span class=\"c4\"><strong>Quelle est l\u2019ampleur de la menace terroriste qui s\u2019exerce aujourd\u2019hui sur la Tunisie?<\/strong><\/span><\/p>\n<p>Elle a probablement faibli quelque peu, mais elle persiste, en raison des divers facteurs \u00e9voqu\u00e9s. A cela s\u2019ajoutent les terroristes arr\u00eat\u00e9s et condamn\u00e9s qui ont purg\u00e9 leur peine et quitt\u00e9 la prison. Ils repr\u00e9sentent pr\u00e8s des deux tiers de ceux qui ont \u00e9t\u00e9 jug\u00e9s. Ils font certes l\u2019objet de suivi, mais certains parmi eux, qui ne se sont pas repentis, peuvent repr\u00e9senter un danger.<\/p>\n<p><span class=\"c4\"><strong>La traque se poursuit alors?<\/strong><\/span><\/p>\n<p>Absolument. Un effort intense a \u00e9t\u00e9 d\u00e9ploy\u00e9 par les forces de s\u00e9curit\u00e9 int\u00e9rieure et l\u2019arm\u00e9e pour d\u00e9busquerles terroristes partout sur l\u2019ensemble du territoire, y compris dans les endroits les plus recul\u00e9s et sur les hauteurs. Ces op\u00e9rations continues ont permis d\u2019identifier leurs refuges, d\u2019an\u00e9antir leur logistique et de les couper de leurs bases de soutien.<\/p>\n<p><span class=\"c4\"><strong>L\u2019\u00e9tat d\u2019urgence a-t-il \u00e9t\u00e9 mis \u00e0 profit pour accentuer la lutte contre le terrorisme?<\/strong><\/span><\/p>\n<p>Sans doute. Cela demande toute une pr\u00e9paration et une logistique appropri\u00e9es. Mais, cela a \u00e9t\u00e9 utile. Tout comme le couvre-feu. Les r\u00e9sultats sont probants et instructifs.<\/p>\n<p><span class=\"c4\"><strong>A partir de l\u2019exp\u00e9rience acquise et des enseignements tir\u00e9s, la strat\u00e9gie nationale de lutte contre le terrorisme \u00e9labor\u00e9e en 2016 est-elle en cours de mise \u00e0 jour?<\/strong><\/span><\/p>\n<p>N\u00e9cessairement. Plus encore, de r\u00e9vision et de recentrage. De nombreux \u00e9l\u00e9ments sont venus d\u2019une part changer la nature et le mode op\u00e9ratoire du terrorisme et, d\u2019autre part, enrichir notre analyse du contexte tunisien, r\u00e9gional et international, ainsi que de notre d\u00e9marche. La Commission s\u2019est attel\u00e9e \u00e0 cette r\u00e9vision, s\u2019appuyant sur des groupes de travail sp\u00e9cialis\u00e9s. Nous planchons sur quatre dimensions importantes n\u00e9cessaires sur lesquelles notre strat\u00e9gie est fond\u00e9e. D\u2019abord, l\u2019immunisation contre la radicalisation et la violence extr\u00e9miste qui s\u2019emparent des esprits et profitent de situations de fragilit\u00e9 personnelles, de d\u00e9tresse et de pr\u00e9carit\u00e9. La deuxi\u00e8me dimension est celle de l\u2019alerte pr\u00e9coce, pour d\u00e9tecter tout signe et comportement pouvant aboutir \u00e0 un basculement redoutable. Le r\u00f4le des parents et de la famille \u00e9largie est crucial. Tout comme celui des travailleurs socio\u00e9ducatifs et de la soci\u00e9t\u00e9 civile. En troisi\u00e8me dimension vient le traitement s\u00e9curitaire et militaire, avec tout l\u2019engagement op\u00e9rationnel appropri\u00e9. Et, en quatri\u00e8me dimension, l\u2019indispensable r\u00e9habilitation de ceux qui s\u2019\u00e9taient \u00e9gar\u00e9s, pour les inciter \u00e0 r\u00e9viser leurs convictions et actions, se racheter et se r\u00e9ins\u00e9rer dans la soci\u00e9t\u00e9.<\/p>\n<p>Evidemment, l\u2019action en profondeur sur l\u2019\u00e9cosyst\u00e8me de l\u2019ignorance, de la pr\u00e9carit\u00e9 et de la fragilit\u00e9 qui favorise l\u2019\u00e9closion du radicalisme et sa propagation demeure une priorit\u00e9 absolue. Le traitement doit \u00eatre effectu\u00e9 \u00e0 la racine, dans une approche globale et avec le concours de plusieurs intervenants.<\/p>\n<p><span class=\"c4\"><strong>Comment parvenez-vous \u00e0 assurer la mission de coordination des intervenants qui est d\u00e9volue \u00e0 votre commission?<\/strong><\/span><\/p>\n<p>La composition de la Commission, forte de 22 membres, plac\u00e9e sous l\u2019autorit\u00e9 directe du chef du gouvernement et regroupant les repr\u00e9sentants des diff\u00e9rents minist\u00e8res concern\u00e9s, est en soi un facteur de concertation, d\u2019\u00e9change et de coordination. Aussi, le travail au quotidien, au niveau des sous-commissions sp\u00e9cialis\u00e9es \u00e9tablit-il des relations directes et b\u00e9n\u00e9fiques. Je dois saluer \u00e0 cet \u00e9gard la franche collaboration fructueuse et l\u2019esprit d\u2019\u00e9quipe qui anime tous les membres de la Commission, et rendre hommage au secr\u00e9tariat permanent qui, malgr\u00e9 le nombre r\u00e9duit de son effectif, apporte un soutien substantiel \u00e0 nos travaux.<\/p>\n<p><span class=\"c4\"><strong>Est-ce \u00e9galement le cas en mati\u00e8re de renseignement?<\/strong><\/span><\/p>\n<p>L\u2019op\u00e9rationnel est d\u00e9volu aux organismes et services sp\u00e9cialis\u00e9s. Le r\u00f4le de la Commission porte en la mati\u00e8re, essentiellement, sur l\u2019analyse et la r\u00e9flexion. Nous sommes saisis d\u2019informations utiles qu\u2019il nous appartient de traiter pour guider notre d\u00e9marche.<\/p>\n<p>L\u2019une des missions de la Commissions est de prononcer des sanctions concernant des organisations ou les personnes en relation avec les infractions terroristes et le blanchiment d\u2019argent.<\/p>\n<p><span class=\"c4\"><strong>Comment y proc\u00e9dez-vous?<\/strong><\/span><\/p>\n<p>Sur la base de signalements re\u00e7us et divers autres indices, la Commission examine en profondeur chaque dossier soumis \u00e0 sa d\u00e9cision. Apr\u00e8s d\u00e9lib\u00e9rations, un arr\u00eat\u00e9 de gel des avoirs et ressources \u00e9conomiques est pris pour une p\u00e9riode initiale de six mois renouvelable. Les arr\u00eat\u00e9s sont publi\u00e9s au Journal officiel et mis en ligne sur le site web de la Commission. Un acc\u00e8s aux donn\u00e9es prot\u00e9g\u00e9es est autoris\u00e9, via un mot de passe, aux entit\u00e9s d\u00fbment habilit\u00e9es \u00e0 les consulter. A ce jour, ces sanctions ont port\u00e9 sur 126 cas. Le chiffre est susceptible d\u2019\u00e9voluer dans les prochaines semaines. L\u2019ass\u00e8chement des financements profitant au terrorisme est un pilier fondamental de notre strat\u00e9gie.<\/p>\n<p><span class=\"c4\"><strong>Etes-vous confiant dans la lutte contre le terrorisme?<\/strong><\/span><\/p>\n<p>Profond\u00e9ment. Mais, avec toute la vigilance requise. C\u2019est-\u00e0-dire la pr\u00e9vention et la prise en charge, avec l\u2019organisation, les moyens et la coordination \u00e0 la mesure des risques et menaces.<\/p>\n<p class=\"c5\"><a href=\"https:\/\/www.leaders.com.tn\/le_mensuel_abonnez_vous\" target=\"_blank\" rel=\"noopener\"><img loading=\"lazy\" decoding=\"async\" src=\"\/uploads\/FCK_files\/Bandeau-Leaders(3).jpg\" alt=\"\" width=\"500\" vspace=\"5\" hspace=\"5\" height=\"128\" align=\"middle\"\/><\/a><\/p>\n<p>Auteur:<br \/>\n<a href=\"https:\/\/www.leaders.com.tn\/article\/31655-mounir-ksiksi-president-de-la-cnlct-lutte-contre-le-terrorisme-de-nouvelles-formes-mieux-adaptees-et-plus-efficaces\">Cliquez ici pour lire l&rsquo;article depuis sa source.<\/a><\/p>\n","protected":false},"excerpt":{"rendered":"<p>Il n\u2019y a pas que le virus du Covid qui g\u00e9n\u00e8re des variants, le terrorisme aussi. \u00ab Sous la pression de la traque sans rel\u00e2che et l\u2019affrontement s\u00e9curitaire et militaire, ses formes connaissent de nouvelles variations \u00bb, r\u00e9v\u00e8le \u00e0 Leaders Mounir Ksiksi, pr\u00e9sident de la Commission nationale de lutte contre le terrorisme (Cnlct). \u00abLa strat\u00e9gie [&hellip;]<\/p>\n","protected":false},"author":1772,"featured_media":0,"comment_status":"closed","ping_status":"closed","sticky":false,"template":"","format":"standard","meta":{"fifu_image_url":"\/uploads\/FCK_files\/Bandeau-Leaders(3).jpg","fifu_image_alt":"Mounir Ksiksi - Pr\u00e9sident de la Cnlct - Lutte contre le terrorisme: de nouvelles formes mieux adapt\u00e9es et plus efficaces","footnotes":""},"categories":[73,55],"tags":[],"class_list":["post-114200","post","type-post","status-publish","format-standard","hentry","category-actualite","category-tunisie"],"_links":{"self":[{"href":"https:\/\/linitiative.ca\/International\/wp-json\/wp\/v2\/posts\/114200","targetHints":{"allow":["GET"]}}],"collection":[{"href":"https:\/\/linitiative.ca\/International\/wp-json\/wp\/v2\/posts"}],"about":[{"href":"https:\/\/linitiative.ca\/International\/wp-json\/wp\/v2\/types\/post"}],"author":[{"embeddable":true,"href":"https:\/\/linitiative.ca\/International\/wp-json\/wp\/v2\/users\/1772"}],"replies":[{"embeddable":true,"href":"https:\/\/linitiative.ca\/International\/wp-json\/wp\/v2\/comments?post=114200"}],"version-history":[{"count":0,"href":"https:\/\/linitiative.ca\/International\/wp-json\/wp\/v2\/posts\/114200\/revisions"}],"wp:attachment":[{"href":"https:\/\/linitiative.ca\/International\/wp-json\/wp\/v2\/media?parent=114200"}],"wp:term":[{"taxonomy":"category","embeddable":true,"href":"https:\/\/linitiative.ca\/International\/wp-json\/wp\/v2\/categories?post=114200"},{"taxonomy":"post_tag","embeddable":true,"href":"https:\/\/linitiative.ca\/International\/wp-json\/wp\/v2\/tags?post=114200"}],"curies":[{"name":"wp","href":"https:\/\/api.w.org\/{rel}","templated":true}]}}