{"id":114204,"date":"2021-04-02T12:14:00","date_gmt":"2021-04-02T16:14:00","guid":{"rendered":"https:\/\/linitiative.ca\/International\/lancien-ministre-tawfik-jelassi-nomme-sous-directeur-general-de-lunesco-il-succede-a-son-compatriote-moez-chakchouk\/"},"modified":"2021-04-02T12:14:00","modified_gmt":"2021-04-02T16:14:00","slug":"lancien-ministre-tawfik-jelassi-nomme-sous-directeur-general-de-lunesco-il-succede-a-son-compatriote-moez-chakchouk","status":"publish","type":"post","link":"https:\/\/linitiative.ca\/International\/lancien-ministre-tawfik-jelassi-nomme-sous-directeur-general-de-lunesco-il-succede-a-son-compatriote-moez-chakchouk\/","title":{"rendered":"L&rsquo;ancien  ministre Tawfik Jelassi nomm\u00e9 sous-directeur g\u00e9n\u00e9ral de l&rsquo;Unesco. Il succ\u00e8de \u00e0 son compatriote, Moez Chakchouk"},"content":{"rendered":"<p>L&rsquo;ancien\u00a0 ministre <a href=\"https:\/\/www.leaders.com.tn\/article\/13199-qui-est-taoufik-jelassi-ministre-de-l-enseignement-superieur-de-la-recherche-scientifique-et-des-tic\" target=\"_blank\" rel=\"noopener\">Taoufik Jelassi<\/a> a \u00e9t\u00e9 nomm\u00e9 sous-directeur g\u00e9n\u00e9ral de l&rsquo;Unesco, pour la communication et l\u2019information. Il succ\u00e8de \u00e0 son compatriote, ancien ministre au gouvernement Mechichi du tranport au moment o\u00f9 l\u2019Unesco d\u00e9bat de la repr\u00e9sentativit\u00e9 g\u00e9ographique de ses cadres.<\/p>\n<p>La nomination de Tawfik Jelassi devrait \u00eatre annonc\u00e9e d\u00e9but avril au conseil ex\u00e9cutif par la directrice g\u00e9n\u00e9rale de l\u2019Unesco, Audrey Azoulay.<\/p>\n<p>Originaire de Monastir le nouveau \u00e0 Monastir, le\u00a0 nouveau sous-directeur g\u00e9n\u00e9ral de l&rsquo;Unesco est titulaire d&rsquo;un doctorat Ph. D de l&rsquo;universit\u00e9 de New York.<\/p>\n<p>Auteur:<br \/>\n<a href=\"https:\/\/www.leaders.com.tn\/article\/31664-unesco-le-tunisien-tawfik-jelassi-remplace-moez-chakchouk-comme-sous-directeur-general\">Cliquez ici pour lire l&rsquo;article depuis sa source.<\/a><\/p>\n","protected":false},"excerpt":{"rendered":"<p>L&rsquo;ancien\u00a0 ministre Taoufik Jelassi a \u00e9t\u00e9 nomm\u00e9 sous-directeur g\u00e9n\u00e9ral de l&rsquo;Unesco, pour la communication et l\u2019information. Il succ\u00e8de \u00e0 son compatriote, ancien ministre au gouvernement Mechichi du tranport au moment o\u00f9 l\u2019Unesco d\u00e9bat de la repr\u00e9sentativit\u00e9 g\u00e9ographique de ses cadres. La nomination de Tawfik Jelassi devrait \u00eatre annonc\u00e9e d\u00e9but avril au conseil ex\u00e9cutif par la [&hellip;]<\/p>\n","protected":false},"author":1772,"featured_media":0,"comment_status":"closed","ping_status":"closed","sticky":false,"template":"","format":"standard","meta":{"fifu_image_url":"","fifu_image_alt":"","footnotes":""},"categories":[73,55],"tags":[],"class_list":["post-114204","post","type-post","status-publish","format-standard","hentry","category-actualite","category-tunisie"],"_links":{"self":[{"href":"https:\/\/linitiative.ca\/International\/wp-json\/wp\/v2\/posts\/114204","targetHints":{"allow":["GET"]}}],"collection":[{"href":"https:\/\/linitiative.ca\/International\/wp-json\/wp\/v2\/posts"}],"about":[{"href":"https:\/\/linitiative.ca\/International\/wp-json\/wp\/v2\/types\/post"}],"author":[{"embeddable":true,"href":"https:\/\/linitiative.ca\/International\/wp-json\/wp\/v2\/users\/1772"}],"replies":[{"embeddable":true,"href":"https:\/\/linitiative.ca\/International\/wp-json\/wp\/v2\/comments?post=114204"}],"version-history":[{"count":0,"href":"https:\/\/linitiative.ca\/International\/wp-json\/wp\/v2\/posts\/114204\/revisions"}],"wp:attachment":[{"href":"https:\/\/linitiative.ca\/International\/wp-json\/wp\/v2\/media?parent=114204"}],"wp:term":[{"taxonomy":"category","embeddable":true,"href":"https:\/\/linitiative.ca\/International\/wp-json\/wp\/v2\/categories?post=114204"},{"taxonomy":"post_tag","embeddable":true,"href":"https:\/\/linitiative.ca\/International\/wp-json\/wp\/v2\/tags?post=114204"}],"curies":[{"name":"wp","href":"https:\/\/api.w.org\/{rel}","templated":true}]}}