{"id":114205,"date":"2021-04-02T11:36:53","date_gmt":"2021-04-02T15:36:53","guid":{"rendered":"https:\/\/linitiative.ca\/International\/relance-le-cve-prolonge-les-offres-de-garanties-et-plusieurs-mesures-de-soutien-a-leconomie\/"},"modified":"2021-04-02T11:36:53","modified_gmt":"2021-04-02T15:36:53","slug":"relance-le-cve-prolonge-les-offres-de-garanties-et-plusieurs-mesures-de-soutien-a-leconomie","status":"publish","type":"post","link":"https:\/\/linitiative.ca\/International\/relance-le-cve-prolonge-les-offres-de-garanties-et-plusieurs-mesures-de-soutien-a-leconomie\/","title":{"rendered":"Relance :  le CVE prolonge les offres de garanties et plusieurs mesures de soutien \u00e0 l\u2019\u00e9conomie"},"content":{"rendered":"<p><strong>Le Comit\u00e9 de veille \u00e9conomique (CVE), r\u00e9uni le 2 avril (visioconf\u00e9rence), a pris plusieurs mesures visant \u00e0 renforcer le soutien \u00e0 l\u2019\u00e9conomie. Voici ce qu\u2019il faut retenir de cette 12\u00e8me r\u00e9union.<\/strong><\/p>\n<div class=\"c10\">\n<\/div>\n<p>Le CVE a annonc\u00e9 que les mesures de soutien portant sur les huit contrats-programmes sign\u00e9s en janvier en faveur de certaines branches d\u2019activit\u00e9s vuln\u00e9rables, ont \u00e9t\u00e9 prolong\u00e9es au 30 juin prochain. \u00ab\u00a0Compte tenu de la persistance des effets n\u00e9gatifs occasionn\u00e9s par la crise sanitaire du covid-19 sur certaines branches d\u2019activit\u00e9 vuln\u00e9rables, le CVE a d\u00e9cid\u00e9 de prolonger plusieurs mesures d\u2019appui en leur faveur jusqu\u2019au 30 juin 2021\u00a0\u00bb, indique le minist\u00e8re de l\u2019Economie, des finances et de la r\u00e9forme de l\u2019administration.<\/p>\n<p><strong>Lire aussi| <a href=\"https:\/\/www.challenge.ma\/maghreb-steel-le-sauvetage-de-la-derniere-chance-180288\/\">Maghreb Steel : le sauvetage de la derni\u00e8re chance ?<\/a><\/strong><\/p>\n<p>Dans le d\u00e9tail, il s\u2019agit des indemnit\u00e9s, des allocations familiales ainsi que l\u2019Assurance maladie obligatoire (AMO) au profit des salari\u00e9s relevant du secteur du tourisme, de la restauration, des activit\u00e9s des traiteurs et prestataires \u00e9v\u00e9nementiels, celles des parcs d\u2019attraction et de jeux, des cr\u00e8ches, des salles de sport priv\u00e9es au m\u00eame titre que le secteur de la presse et des industries culturelles et cr\u00e9atives. Notons que l\u2019octroi des cr\u00e9dits \u00ab\u00a0Damane Relance\u00a0\u00bb, mis en place au profit des entreprises pour faire face \u00e0 la crise du nouveau coronavirus (Covid-19), est prorog\u00e9 au 30 juin 2021. \u00ab\u00a0Afin d\u2019accompagner la demande exprim\u00e9e par les op\u00e9rateurs \u00e9conomiques priv\u00e9s et publics et permettre \u00e9galement la finalisation des dossiers toujours en cours de formalisation, il a \u00e9t\u00e9 d\u00e9cid\u00e9 de proroger au 30 juin 2021, le b\u00e9n\u00e9fice de la garantie de l\u2019Etat (Damane Relance)\u00a0\u00bb a pr\u00e9cis\u00e9 le CVE, ajoutant qu\u2019au 31 mars dernier, ces produits de garantie ont couvert 93.419 cr\u00e9dits bancaires pour un montant global de 61,5 milliards de DH en faveur des entreprises.<\/p>\n<p><strong>Lire aussi| <a href=\"https:\/\/www.challenge.ma\/yassine-regragui-plus-de-80-des-banques-centrales-dans-le-monde-ont-deja-lance-des-reflexions-autour-dune-monnaie-digitale-souveraine-et-cest-egalement-le-cas-du-maroc-180294\/\">Yassine Regragui : \u00ab Plus de 80% des banques centrales dans le monde ont d\u00e9j\u00e0 lanc\u00e9 des r\u00e9flexions autour d\u2019une monnaie digitale souveraine, et c\u2019est \u00e9galement le cas du Maroc\u00bb<\/a><\/strong><\/p>\n<p>\u00ab Cet objectif est en ligne avec les objectifs fix\u00e9s au niveau du Plan de relance initi\u00e9 par SM le Roi Mohammed VI\u00a0\u00bb, a-t-on indiqu\u00e9. On apprend aussi qu\u2019en tenant compte de l\u2019\u00e9volution inqui\u00e9tante de la situation sanitaire chez les principaux partenaires europ\u00e9ens du Royaume et des mesures de restrictions qui ont \u00e9t\u00e9 mises en place pour endiguer son aggravation, le CVE continuera de suivre de pr\u00e8s l\u2019\u00e9volution de la situation, notamment celle des secteurs \u00e9conomiques les plus impact\u00e9s et ce, en concertation avec les d\u00e9partements minist\u00e9riels concern\u00e9s.<\/p>\n<p>Auteur: challenge<br \/>\n<a href=\"https:\/\/www.challenge.ma\/relance-le-cve-prolonge-les-offres-de-garanties-et-plusieurs-mesures-de-soutien-a-leconomie-180355\/\">Cliquez ici pour lire l&rsquo;article depuis sa source.<\/a><\/p>\n","protected":false},"excerpt":{"rendered":"<p>Le Comit\u00e9 de veille \u00e9conomique (CVE), r\u00e9uni le 2 avril (visioconf\u00e9rence), a pris plusieurs mesures visant \u00e0 renforcer le soutien \u00e0 l\u2019\u00e9conomie. Voici ce qu\u2019il faut retenir de cette 12\u00e8me r\u00e9union. Le CVE a annonc\u00e9 que les mesures de soutien portant sur les huit contrats-programmes sign\u00e9s en janvier en faveur de certaines branches d\u2019activit\u00e9s vuln\u00e9rables, [&hellip;]<\/p>\n","protected":false},"author":1787,"featured_media":0,"comment_status":"closed","ping_status":"closed","sticky":false,"template":"","format":"standard","meta":{"fifu_image_url":"","fifu_image_alt":"","footnotes":""},"categories":[78,54],"tags":[],"class_list":["post-114205","post","type-post","status-publish","format-standard","hentry","category-economie","category-maroc"],"_links":{"self":[{"href":"https:\/\/linitiative.ca\/International\/wp-json\/wp\/v2\/posts\/114205","targetHints":{"allow":["GET"]}}],"collection":[{"href":"https:\/\/linitiative.ca\/International\/wp-json\/wp\/v2\/posts"}],"about":[{"href":"https:\/\/linitiative.ca\/International\/wp-json\/wp\/v2\/types\/post"}],"author":[{"embeddable":true,"href":"https:\/\/linitiative.ca\/International\/wp-json\/wp\/v2\/users\/1787"}],"replies":[{"embeddable":true,"href":"https:\/\/linitiative.ca\/International\/wp-json\/wp\/v2\/comments?post=114205"}],"version-history":[{"count":0,"href":"https:\/\/linitiative.ca\/International\/wp-json\/wp\/v2\/posts\/114205\/revisions"}],"wp:attachment":[{"href":"https:\/\/linitiative.ca\/International\/wp-json\/wp\/v2\/media?parent=114205"}],"wp:term":[{"taxonomy":"category","embeddable":true,"href":"https:\/\/linitiative.ca\/International\/wp-json\/wp\/v2\/categories?post=114205"},{"taxonomy":"post_tag","embeddable":true,"href":"https:\/\/linitiative.ca\/International\/wp-json\/wp\/v2\/tags?post=114205"}],"curies":[{"name":"wp","href":"https:\/\/api.w.org\/{rel}","templated":true}]}}