{"id":114206,"date":"2021-04-02T12:45:05","date_gmt":"2021-04-02T16:45:05","guid":{"rendered":"https:\/\/linitiative.ca\/International\/andre-azoulay-le-moment-est-venu-pour-essaouira-de-prendre-la-juste-mesure-des-atouts-qui-lui-sont-propres-pour-les-transformer-en-opportunites-dinvestissements\/"},"modified":"2021-04-02T12:45:05","modified_gmt":"2021-04-02T16:45:05","slug":"andre-azoulay-le-moment-est-venu-pour-essaouira-de-prendre-la-juste-mesure-des-atouts-qui-lui-sont-propres-pour-les-transformer-en-opportunites-dinvestissements","status":"publish","type":"post","link":"https:\/\/linitiative.ca\/International\/andre-azoulay-le-moment-est-venu-pour-essaouira-de-prendre-la-juste-mesure-des-atouts-qui-lui-sont-propres-pour-les-transformer-en-opportunites-dinvestissements\/","title":{"rendered":"Andr\u00e9 Azoulay : \u00ab Le moment est venu pour Essaouira de prendre la juste mesure des atouts qui lui sont propres pour les transformer en opportunit\u00e9s d\u2019investissements \u00bb"},"content":{"rendered":"<p><strong>La Chambre Fran\u00e7aise de Commerce et d\u2019Industrie du Maroc (CFCIM) en partenariat avec la Province d\u2019Essaouira, Essaouira Innovation Lab et l\u2019Association Essaouira-Mogador ont r\u00e9cemment organis\u00e9 une rencontre virtuelle sur l\u2019investissement qui a connu la participation d\u2019\u00e9minents invit\u00e9s au rang desquels Andr\u00e9 Azoulay, Conseiller de S.M le Roi et Pr\u00e9sident-Fondateur de l\u2019Association Essaouira-Mogador.<\/strong><\/p>\n<div class=\"c10\">\n<\/div>\n<p>Lors de son intervention, Andr\u00e9 Azoulay a notamment mis l\u2019accent sur le double rendez-vous que l\u2019Histoire peut donner \u00e0 Essaouira avec, d\u2019une part, la mutation radicale que va conna\u00eetre le paysage \u00e9conomique, industriel et commercial pour les jours apr\u00e8s-Covid et, d\u2019autre part, la focalisation accentu\u00e9e des investisseurs de demain en direction des industries propres, des produits bio et de l\u2019optimisation des diff\u00e9rentes fili\u00e8res des \u00e9nergies renouvelables.<\/p>\n<p><strong>Lire aussi| <a href=\"https:\/\/www.challenge.ma\/relance-le-cve-prolonge-les-offres-de-garanties-et-plusieurs-mesures-de-soutien-a-leconomie-180355\/\">Relance : le CVE prolonge les offres de garanties et plusieurs mesures de soutien \u00e0 l\u2019\u00e9conomie<\/a><\/strong><\/p>\n<p>\u00a0\u00ab\u00a0Le moment est venu pour Essaouira de prendre la juste mesure des atouts qui lui sont propres pour les transformer en opportunit\u00e9s d\u2019investissements performants, comp\u00e9titifs et durables\u00a0\u00bb, a-t-il soulign\u00e9. Andr\u00e9 Azoulay a fait remarquer qu\u2019Essaouira peut l\u00e9gitimement ambitionner une place de choix dans cette \u00e9conomie du futur, rappelant que la province d\u2019Essaouira b\u00e9n\u00e9ficiait de l\u2019un des taux d\u2019ensoleillement les plus \u00e9lev\u00e9s du Maroc et que cet atout combin\u00e9 avec les gisements de l\u2019\u00e9olien et plus de 150 km de c\u00f4tes constituaient un mixte prometteur pour l\u2019\u00e9nergie du futur qui fera une place de plus en plus importante \u00e0 l\u2019hydrog\u00e8ne vert. Il a aussi dessin\u00e9 la carte \u00ab\u00a0des terroirs et des produits de niche qui fondent l\u2019attractivit\u00e9 et la sp\u00e9cificit\u00e9 d\u2019Essaouira qu\u2019il s\u2019agisse de l\u2019exceptionnelle richesse halieutique de la province, de la galaxie de l\u2019arganeraie et de l\u2019enracinement historique du bio chez les agriculteurs locaux\u00a0\u00bb.<\/p>\n<p><strong>Lire aussi| <a href=\"https:\/\/www.challenge.ma\/yassine-regragui-plus-de-80-des-banques-centrales-dans-le-monde-ont-deja-lance-des-reflexions-autour-dune-monnaie-digitale-souveraine-et-cest-egalement-le-cas-du-maroc-180294\/\">Yassine Regragui : \u00ab Plus de 80% des banques centrales dans le monde ont d\u00e9j\u00e0 lanc\u00e9 des r\u00e9flexions autour d\u2019une monnaie digitale souveraine, et c\u2019est \u00e9galement le cas du Maroc\u00bb<\/a><\/strong><\/p>\n<p>\u00ab\u00a0Il y a l\u00e0 pour Essaouira un levier riche de potentiels pour peu que les op\u00e9rateurs de demain prennent en compte la n\u00e9cessit\u00e9 d\u2019une int\u00e9gration locale optimale \u00e0 laquelle ils ont trop longtemps tourn\u00e9 le dos, privant Essaouira de la valeur ajout\u00e9e qui lui est l\u00e9gitimement due. Dans cette perspective, le tourisme de sant\u00e9 et de bien-\u00eatre, adoss\u00e9 aux contenus culturels et patrimoniaux qui sont d\u00e9j\u00e0 l\u2019atout majeur d\u2019Essaouira, pouvaient l\u00e0 aussi donner une autre dimension et des lendemains prometteurs \u00e0 la destination souirie\u00a0\u00bb, a-t-il indiqu\u00e9. \u00ab\u00a0Je vous invite \u00e0 m\u00e9diter sur l\u2019exceptionnelle notori\u00e9t\u00e9 internationale du nom Essaouira-Mogador que l\u2019on retrouve d\u00e9sormais sur tous les continents dans une vari\u00e9t\u00e9 impressionnante de produits et d\u2019enseignes qui privil\u00e9gient cette appellation pour ce qu\u2019elle sugg\u00e8re de magie, de myst\u00e8re et de qualit\u00e9. L\u00e0 aussi, le temps est venu de labelliser, de promouvoir et de valoriser en le prot\u00e9geant ce nom qui nous raconte de belles et grandes histoires\u00a0\u00bb, a-t-il conclu.<\/p>\n<p>Auteur: challenge<br \/>\n<a href=\"https:\/\/www.challenge.ma\/andre-azoulay-le-moment-est-venu-pour-essaouira-de-prendre-la-juste-mesure-des-atouts-qui-lui-sont-propres-pour-les-transformer-en-opportunites-dinvestissements-180366\/\">Cliquez ici pour lire l&rsquo;article depuis sa source.<\/a><\/p>\n","protected":false},"excerpt":{"rendered":"<p>La Chambre Fran\u00e7aise de Commerce et d\u2019Industrie du Maroc (CFCIM) en partenariat avec la Province d\u2019Essaouira, Essaouira Innovation Lab et l\u2019Association Essaouira-Mogador ont r\u00e9cemment organis\u00e9 une rencontre virtuelle sur l\u2019investissement qui a connu la participation d\u2019\u00e9minents invit\u00e9s au rang desquels Andr\u00e9 Azoulay, Conseiller de S.M le Roi et Pr\u00e9sident-Fondateur de l\u2019Association Essaouira-Mogador. Lors de son [&hellip;]<\/p>\n","protected":false},"author":1787,"featured_media":0,"comment_status":"closed","ping_status":"closed","sticky":false,"template":"","format":"standard","meta":{"fifu_image_url":"","fifu_image_alt":"","footnotes":""},"categories":[78,54],"tags":[],"class_list":["post-114206","post","type-post","status-publish","format-standard","hentry","category-economie","category-maroc"],"_links":{"self":[{"href":"https:\/\/linitiative.ca\/International\/wp-json\/wp\/v2\/posts\/114206","targetHints":{"allow":["GET"]}}],"collection":[{"href":"https:\/\/linitiative.ca\/International\/wp-json\/wp\/v2\/posts"}],"about":[{"href":"https:\/\/linitiative.ca\/International\/wp-json\/wp\/v2\/types\/post"}],"author":[{"embeddable":true,"href":"https:\/\/linitiative.ca\/International\/wp-json\/wp\/v2\/users\/1787"}],"replies":[{"embeddable":true,"href":"https:\/\/linitiative.ca\/International\/wp-json\/wp\/v2\/comments?post=114206"}],"version-history":[{"count":0,"href":"https:\/\/linitiative.ca\/International\/wp-json\/wp\/v2\/posts\/114206\/revisions"}],"wp:attachment":[{"href":"https:\/\/linitiative.ca\/International\/wp-json\/wp\/v2\/media?parent=114206"}],"wp:term":[{"taxonomy":"category","embeddable":true,"href":"https:\/\/linitiative.ca\/International\/wp-json\/wp\/v2\/categories?post=114206"},{"taxonomy":"post_tag","embeddable":true,"href":"https:\/\/linitiative.ca\/International\/wp-json\/wp\/v2\/tags?post=114206"}],"curies":[{"name":"wp","href":"https:\/\/api.w.org\/{rel}","templated":true}]}}