{"id":114209,"date":"2021-04-02T15:15:00","date_gmt":"2021-04-02T19:15:00","guid":{"rendered":"https:\/\/linitiative.ca\/International\/automobile-les-exportations-en-hausse-de-41-a-fin-fevrier-2020\/"},"modified":"2021-04-02T15:15:00","modified_gmt":"2021-04-02T19:15:00","slug":"automobile-les-exportations-en-hausse-de-41-a-fin-fevrier-2020","status":"publish","type":"post","link":"https:\/\/linitiative.ca\/International\/automobile-les-exportations-en-hausse-de-41-a-fin-fevrier-2020\/","title":{"rendered":"Automobile : les exportations en hausse de 4,1% \u00e0 fin f\u00e9vrier 2020"},"content":{"rendered":"<p><strong>Le secteur automobile marocain continue de r\u00e9sister \u00e0 l\u2019impact de la crise, avec des performances significatives, notamment \u00e0 l\u2019export.<\/strong><\/p>\n<div class=\"c10\">\n<\/div>\n<p>Selon l\u2019Office des changes, les exportations du secteur de l\u2019automobile ont atteint 15,74 milliards de DH au titre des deux premiers mois de 2021, en hausse de 4,1% par rapport \u00e0 fin f\u00e9vrier 2020. On apprend que cette \u00e9volution provient principalement de l\u2019accroissement des ventes du segment \u00ab\u00a0construction\u00a0\u00bb de 8,6%.<\/p>\n<p><strong>Lire aussi| <a href=\"https:\/\/www.challenge.ma\/maghreb-steel-le-sauvetage-de-la-derniere-chance-180288\/\">Maghreb Steel : le sauvetage de la derni\u00e8re chance ?<\/a><\/strong><\/p>\n<p>L\u2019office explique aussi dans son bulletin sur les indicateurs des \u00e9changes ext\u00e9rieurs de f\u00e9vrier 2021, que cette hausse est ralentie par la baisse des ventes du segment \u00ab\u00a0c\u00e2blage\u00a0\u00bb et du segment \u00ab\u00a0int\u00e9rieur v\u00e9hicules et si\u00e8ges\u00a0\u00bb de 3,7% et 2,2% respectivement, et que la part de ce secteur dans le total des exportations a progress\u00e9 de 2 points \u00e0 31,7%.<\/p>\n<p><strong>Lire aussi| <a href=\"https:\/\/www.challenge.ma\/distribution-seat-au-maroc-desormais-dans-le-giron-de-cac-180241\/\">Distribution : Seat au Maroc d\u00e9sormais dans le giron de CAC<\/a><\/strong><\/p>\n<p>Auteur: challenge<br \/>\n<a href=\"https:\/\/www.challenge.ma\/automobile-les-exportations-en-hausse-de-41-a-fin-fevrier-2020-180362\/\">Cliquez ici pour lire l&rsquo;article depuis sa source.<\/a><\/p>\n","protected":false},"excerpt":{"rendered":"<p>Le secteur automobile marocain continue de r\u00e9sister \u00e0 l\u2019impact de la crise, avec des performances significatives, notamment \u00e0 l\u2019export. Selon l\u2019Office des changes, les exportations du secteur de l\u2019automobile ont atteint 15,74 milliards de DH au titre des deux premiers mois de 2021, en hausse de 4,1% par rapport \u00e0 fin f\u00e9vrier 2020. On apprend [&hellip;]<\/p>\n","protected":false},"author":1787,"featured_media":0,"comment_status":"closed","ping_status":"closed","sticky":false,"template":"","format":"standard","meta":{"fifu_image_url":"","fifu_image_alt":"","footnotes":""},"categories":[78,54],"tags":[],"class_list":["post-114209","post","type-post","status-publish","format-standard","hentry","category-economie","category-maroc"],"_links":{"self":[{"href":"https:\/\/linitiative.ca\/International\/wp-json\/wp\/v2\/posts\/114209","targetHints":{"allow":["GET"]}}],"collection":[{"href":"https:\/\/linitiative.ca\/International\/wp-json\/wp\/v2\/posts"}],"about":[{"href":"https:\/\/linitiative.ca\/International\/wp-json\/wp\/v2\/types\/post"}],"author":[{"embeddable":true,"href":"https:\/\/linitiative.ca\/International\/wp-json\/wp\/v2\/users\/1787"}],"replies":[{"embeddable":true,"href":"https:\/\/linitiative.ca\/International\/wp-json\/wp\/v2\/comments?post=114209"}],"version-history":[{"count":0,"href":"https:\/\/linitiative.ca\/International\/wp-json\/wp\/v2\/posts\/114209\/revisions"}],"wp:attachment":[{"href":"https:\/\/linitiative.ca\/International\/wp-json\/wp\/v2\/media?parent=114209"}],"wp:term":[{"taxonomy":"category","embeddable":true,"href":"https:\/\/linitiative.ca\/International\/wp-json\/wp\/v2\/categories?post=114209"},{"taxonomy":"post_tag","embeddable":true,"href":"https:\/\/linitiative.ca\/International\/wp-json\/wp\/v2\/tags?post=114209"}],"curies":[{"name":"wp","href":"https:\/\/api.w.org\/{rel}","templated":true}]}}