{"id":114215,"date":"2021-04-02T10:33:30","date_gmt":"2021-04-02T14:33:30","guid":{"rendered":"https:\/\/linitiative.ca\/International\/in-memoriam-barthelemy-kere-precedemment-ingenieur-hydraulicien-et-genie-sanitaire\/"},"modified":"2021-04-02T10:33:30","modified_gmt":"2021-04-02T14:33:30","slug":"in-memoriam-barthelemy-kere-precedemment-ingenieur-hydraulicien-et-genie-sanitaire","status":"publish","type":"post","link":"https:\/\/linitiative.ca\/International\/in-memoriam-barthelemy-kere-precedemment-ingenieur-hydraulicien-et-genie-sanitaire\/","title":{"rendered":"IN MEMORIAM : Barth\u00e9l\u00e9my  KERE, Pr\u00e9c\u00e9demment Ing\u00e9nieur Hydraulicien et G\u00e9nie Sanitaire"},"content":{"rendered":"<p class=\"c4\"><strong>2 AVRIL 2020\u00a0 \u2013\u00a0\u00a0 2\u00a0 AVRIL 2021<\/strong><\/p>\n<p class=\"c4\"><strong>DEJA\u00a0 1 AN<\/strong><\/p>\n<p class=\"c4\"><strong>Qu\u2019il\u00a0 a plu\u00a0 au Seigneur de rappeler\u00a0 \u00e0 lui\u00a0 son fils,<\/strong><\/p>\n<p class=\"c4\"><strong class=\"c6\">LES GRANDES FAMILLES<\/strong><\/p>\n<p class=\"c4\"><strong><em>\u2013<\/em><\/strong> <strong>KERE\u00a0 \u00e0 Tenkodogo, Ouagadougou, Cote\u00a0 d\u2019Ivoire, France, Canada, Etats \u2013 Unis,<\/strong><\/p>\n<p class=\"c4\"><strong>\u2013 OUEDRAOGO \u00e0 Kaya, Dimassa,\u00a0 Tangasgo<\/strong><\/p>\n<p class=\"c4\"><strong>\u2013 YAMEOGO\u00a0 \u00e0\u00a0 Koudougou\u00a0 (Bourkina\u00a0 Nabyiri )<\/strong><\/p>\n<p class=\"c4\"><strong>\u2013 Les Chefs\u00a0 de Samandin,\u00a0 Loanga\u00a0 et Ban\u00e9<\/strong><\/p>\n<p class=\"c4\"><strong>\u2013 La famille de feu KERE\u00a0 David \u00e0 Ouagadougou<\/strong><\/p>\n<p class=\"c4\"><strong>\u2013 KERE Ansida\u00a0 Blaise, militaire \u00e0 la retraite, \u00e9pouse et enfants \u00e0 Ouagadougou<\/strong><\/p>\n<p class=\"c4\"><strong>\u2013 Le Pasteur\u00a0 Samuel\u00a0 YAMEOGO,\u00a0 \u00e9pouse\u00a0 et enfants\u00a0 \u00e0 Ouagadougou<\/strong><\/p>\n<p class=\"c4\"><strong>\u2013 Son excellence\u00a0 monsieur\u00a0 Tertus\u00a0 ZONGO, \u00e9pouse\u00a0 et enfants \u00e0 Ouagadougou<\/strong><\/p>\n<p class=\"c4\"><strong>\u2013 Madame\u00a0 Juliette BONKOUNGOU, \u00e9poux et enfants\u00a0 \u00e0 Ouagadougou<\/strong><\/p>\n<p class=\"c4\"><strong>\u2013 Monsieur\u00a0 Simon\u00a0 COMPAORE, Maire\u00a0 Em\u00e9rite de Ouagadougou\u00a0 Epouse et enfants<\/strong><\/p>\n<p class=\"c4\"><strong>\u2013 Monsieur\u00a0 Claude\u00a0 KERE agent CFAO Technologies \u00e0 la retraite \u00e0 Ouagadougou, \u00e9pouse et enfants\u00a0<\/strong><\/p>\n<p class=\"c4\"><strong>\u2013 Ma\u00eetre\u00a0 Barth\u00e9l\u00e9my KERE\u00a0 Avocat, Ancien Pr\u00e9sident de la CENI, \u00e9pouse et enfants \u00e0 Ouagadougou\u00a0<\/strong><\/p>\n<p class=\"c4\"><strong class=\"c6\">LES FAMILLES ALLIEES<\/strong><\/p>\n<p class=\"c4\"><strong>DEME,\u00a0 SAWADOGO, ZARE, OUEDRAOGO, WANGRAWA, KOUYATE, NIKIEMA, ZONGO<\/strong><\/p>\n<p class=\"c4\"><strong class=\"c6\">LES FRERES ET SOEURS<\/strong><\/p>\n<p class=\"c4\"><strong>\u2013 Solange\u00a0 KERE, \u00e9pouse Ou\u00e9draogo \u00e0 Abidjan<\/strong><\/p>\n<p class=\"c4\"><strong>\u2013 No\u00ebl\u00a0\u00a0 KERE, Fonctionnaire \u00e0 Kaya<\/strong><\/p>\n<p class=\"c4\"><strong>\u2013 Mo\u00efse KERE,\u00a0 Professeur d\u2019Education Sportive au lyc\u00e9e Nelson Mandela<\/strong><\/p>\n<p class=\"c4\"><strong>\u2013 Annette KERE,\u00a0 \u00e9pouse\u00a0 NIKIEMA,\u00a0 Infirmi\u00e8re\u00a0 d\u2019Etat \u00e0 Ouagadougou<\/strong><\/p>\n<p class=\"c4\"><strong class=\"c6\">LA VEUVE<\/strong><\/p>\n<p class=\"c4\"><strong>Madame\u00a0 KERE\u00a0 Marie\u00a0 \/ YAMEOGO,\u00a0<\/strong><\/p>\n<p class=\"c4\"><strong>Directrice G\u00e9n\u00e9rale du Cabinet\u00a0 EBENEZER\u00a0 \u00e0 Ouagadougou<\/strong><\/p>\n<p class=\"c4\"><strong class=\"c6\">LES ENFANTS<\/strong><\/p>\n<p class=\"c4\"><strong>\u2013 Brice,\u00a0 Architecte \u00e0 Ouagadougou\u00a0 et son \u00e9pouse\u00a0 Mamounata<\/strong><\/p>\n<ul class=\"c7\">\n<li><strong>Josias, Ing\u00e9nieur\u00a0 Financier \u00e0 Ouagadougou et son \u00e9pouse Julie<\/strong><\/li>\n<li><strong>Eliezer, Juriste au CANADA et son \u00e9pouse Cynthia<\/strong><\/li>\n<li><strong>Serena, Ing\u00e9nieure\u00a0 Robotique aux Etats Unis et son \u00e9poux\u00a0 Evariste Arnold<\/strong><\/li>\n<\/ul>\n<p class=\"c4\"><strong class=\"c6\">LES PETITS\u00a0 ENFANTS<\/strong><\/p>\n<p class=\"c4\"><strong>Elrick,\u00a0 Evans,\u00a0 Nathan,\u00a0 Maelys,\u00a0 Dalhia,\u00a0 Logan,\u00a0 Jayden,\u00a0 Hailey,\u00a0 Noah et Nayelie<\/strong><\/p>\n<p class=\"c4\"><strong>Renouvellent leurs sinc\u00e8res remerciements \u00e0 l\u2019ensemble des Pasteurs et aux fid\u00e8les des Eglises des Assembl\u00e9es de Dieu du Burkina,<\/strong><\/p>\n<p class=\"c4\"><strong>Aux\u00a0 fr\u00e8res et s\u0153urs\u00a0 du Temple\u00a0 EMMANUEL 1200\u00a0 logements \u00e0 Ouagadougou et\u00a0 ses Organes (MHEB, ASC, JAD, DENAD)<\/strong><\/p>\n<p class=\"c4\"><strong>Aux\u00a0 parents, amis, voisins, alli\u00e9es, connaissances, ainsi qu\u2019\u00e0 tous ceux dont les noms n\u2019ont\u00a0 pu\u00a0 \u00eatre cit\u00e9s,<\/strong><\/p>\n<p class=\"c4\"><strong>\u00a0Pour leurs soutiens multiformes\u00a0 lors du rappel \u00e0 Dieu le 02 avril 2020\u00a0 suivi de l\u2019inhumation le 04 Avril 2020 au Cimeti\u00e8re de Gounghin\u00a0 \u00e0 Ouagadougou, de leur fils,\u00a0 fr\u00e8re, \u00e9poux, p\u00e8re et grand\u2019p\u00e8re,<\/strong><\/p>\n<p><strong>Barth\u00e9l\u00e9my\u00a0 KERE,<\/strong><strong>Pr\u00e9c\u00e9demment Ing\u00e9nieur Hydraulicien et G\u00e9nie Sanitaire<\/strong><\/p>\n<p class=\"c4\"><strong>Puisse l\u2019Eternel de gr\u00e2ce rendre \u00e0 chacune et chacun ses bienfaits au centuple.\u00a0\u00a0<\/strong><\/p>\n<p class=\"c4\"><strong>\u00a0\u00a0\u00a0\u00a0\u00a0\u00a0\u00a0\u00a0\u00a0\u00a0\u00a0\u00a0\u00a0\u00a0\u00a0\u00a0\u00a0\u00a0\u00a0\u00a0\u00a0\u00a0\u00a0\u00a0\u00a0\u00a0\u00a0\u00a0\u00a0\u00a0\u00a0\u00a0\u00a0\u00a0\u00a0\u00a0\u00a0\u00a0\u00a0\u00a0\u00a0\u00a0\u00a0\u00a0\u00a0\u00a0\u00a0\u00a0\u00a0\u00a0\u00a0\u00a0\u00a0\u00a0\u00a0\u00a0\u00a0\u00a0\u00a0\u00a0\u00a0\u00a0\u00a0\u00a0\u00a0\u00a0\u00a0\u00a0\u00a0\u00a0\u00a0\u00a0\u00a0\u00a0\u00a0\u00a0\u00a0\u00a0\u00a0\u00a0\u00a0\u00a0\u00a0\u00a0\u00a0\u00a0\u00a0\u00a0\u00a0\u00a0\u00a0\u00a0\u00a0<\/strong><\/p>\n<p class=\"c4\"><sub>J\u2019ai combattu le bon combat,<\/sub><\/p>\n<p class=\"c4\"><sub>J\u2019ai achev\u00e9 la course,\u00a0 j\u2019ai gard\u00e9 la foi,<\/sub><\/p>\n<p class=\"c4\"><sub>D\u00e9sormais la couronne\u00a0 de Justice\u00a0 m\u2019est r\u00e9serv\u00e9e\u00a0;<\/sub><\/p>\n<p class=\"c4\"><sub>Le Seigneur, le juste Juge me la donnera dans ce jour-l\u00e0 et non\u00a0 seulement \u00e0 moi mais encore \u00e0 tous ceux qui auront aim\u00e9 son av\u00e8nement.<\/sub><\/p>\n<p class=\"c4\"><sub>\u00a0\u00a0 ( 2 Timoth\u00e9e\u00a0 4\u00a0: 7-8 )<\/sub><\/p>\n<p class=\"c4\"><strong><sub>\u00a0<\/sub><\/strong><\/p>\n<p class=\"c4\"><strong>\u00a0<\/strong><\/p>\n<p class=\"c4\"><strong class=\"c6\">\u00a0<\/strong><\/p>\n<p class=\"c4\"><strong>\u00a0<\/strong><\/p>\n<p>Auteur: Editions LEPAYS<br \/>\n<a href=\"https:\/\/lepays.bf\/in-memoriam-barthelemy-kere-precedemment-ingenieur-hydraulicien-et-genie-sanitaire\/\">Cliquez ici pour lire l&rsquo;article depuis sa source.<\/a><\/p>\n","protected":false},"excerpt":{"rendered":"<p>2 AVRIL 2020\u00a0 \u2013\u00a0\u00a0 2\u00a0 AVRIL 2021 DEJA\u00a0 1 AN Qu\u2019il\u00a0 a plu\u00a0 au Seigneur de rappeler\u00a0 \u00e0 lui\u00a0 son fils, LES GRANDES FAMILLES \u2013 KERE\u00a0 \u00e0 Tenkodogo, Ouagadougou, Cote\u00a0 d\u2019Ivoire, France, Canada, Etats \u2013 Unis, \u2013 OUEDRAOGO \u00e0 Kaya, Dimassa,\u00a0 Tangasgo \u2013 YAMEOGO\u00a0 \u00e0\u00a0 Koudougou\u00a0 (Bourkina\u00a0 Nabyiri ) \u2013 Les Chefs\u00a0 de Samandin,\u00a0 Loanga\u00a0 [&hellip;]<\/p>\n","protected":false},"author":1813,"featured_media":0,"comment_status":"closed","ping_status":"closed","sticky":false,"template":"","format":"standard","meta":{"fifu_image_url":"","fifu_image_alt":"","footnotes":""},"categories":[73,81],"tags":[],"class_list":["post-114215","post","type-post","status-publish","format-standard","hentry","category-actualite","category-burkina-faso"],"_links":{"self":[{"href":"https:\/\/linitiative.ca\/International\/wp-json\/wp\/v2\/posts\/114215","targetHints":{"allow":["GET"]}}],"collection":[{"href":"https:\/\/linitiative.ca\/International\/wp-json\/wp\/v2\/posts"}],"about":[{"href":"https:\/\/linitiative.ca\/International\/wp-json\/wp\/v2\/types\/post"}],"author":[{"embeddable":true,"href":"https:\/\/linitiative.ca\/International\/wp-json\/wp\/v2\/users\/1813"}],"replies":[{"embeddable":true,"href":"https:\/\/linitiative.ca\/International\/wp-json\/wp\/v2\/comments?post=114215"}],"version-history":[{"count":0,"href":"https:\/\/linitiative.ca\/International\/wp-json\/wp\/v2\/posts\/114215\/revisions"}],"wp:attachment":[{"href":"https:\/\/linitiative.ca\/International\/wp-json\/wp\/v2\/media?parent=114215"}],"wp:term":[{"taxonomy":"category","embeddable":true,"href":"https:\/\/linitiative.ca\/International\/wp-json\/wp\/v2\/categories?post=114215"},{"taxonomy":"post_tag","embeddable":true,"href":"https:\/\/linitiative.ca\/International\/wp-json\/wp\/v2\/tags?post=114215"}],"curies":[{"name":"wp","href":"https:\/\/api.w.org\/{rel}","templated":true}]}}