{"id":114219,"date":"2021-04-02T07:33:24","date_gmt":"2021-04-02T11:33:24","guid":{"rendered":"https:\/\/linitiative.ca\/International\/gestion-des-aires-protegees-ponasi-une-delegation-de-lunion-europeenne-au-coeur-du-complexe\/"},"modified":"2021-04-02T07:33:24","modified_gmt":"2021-04-02T11:33:24","slug":"gestion-des-aires-protegees-ponasi-une-delegation-de-lunion-europeenne-au-coeur-du-complexe","status":"publish","type":"post","link":"https:\/\/linitiative.ca\/International\/gestion-des-aires-protegees-ponasi-une-delegation-de-lunion-europeenne-au-coeur-du-complexe\/","title":{"rendered":"Gestion des aires prot\u00e9g\u00e9es PONASI\u00a0: Une d\u00e9l\u00e9gation de l\u2019Union europ\u00e9enne au c\u0153ur du complexe"},"content":{"rendered":"<div class=\"td-post-featured-image\"><a href=\"https:\/\/www.sidwaya.info\/wp-content\/uploads\/2021\/04\/ph-2-mang.jpg\" data-caption=\"\"><img loading=\"lazy\" decoding=\"async\" width=\"696\" height=\"391\" class=\"entry-thumb td-modal-image\" src=\"https:\/\/www.sidwaya.info\/wp-content\/uploads\/2021\/04\/ph-2-mang-696x391.jpg\" srcset=\"https:\/\/www.sidwaya.info\/wp-content\/uploads\/2021\/04\/ph-2-mang-696x391.jpg 696w, https:\/\/www.sidwaya.info\/wp-content\/uploads\/2021\/04\/ph-2-mang-300x169.jpg 300w, https:\/\/www.sidwaya.info\/wp-content\/uploads\/2021\/04\/ph-2-mang-768x432.jpg 768w, https:\/\/www.sidwaya.info\/wp-content\/uploads\/2021\/04\/ph-2-mang-150x84.jpg 150w, https:\/\/www.sidwaya.info\/wp-content\/uploads\/2021\/04\/ph-2-mang-747x420.jpg 747w, https:\/\/www.sidwaya.info\/wp-content\/uploads\/2021\/04\/ph-2-mang.jpg 900w\" sizes=\"auto, (max-width: 696px) 100vw, 696px\" alt=\"\" title=\"ph 2 mang\"\/><\/a><\/div>\n<p><strong>La cheffe de la coop\u00e9ration de la D\u00e9l\u00e9gation de l\u2019Union europ\u00e9enne au Burkina Faso, Pilar Palmero, \u00e0 la t\u00eate d\u2019une \u00e9quipe de son institution, a visit\u00e9, du 28 au 30 mars 2021, les aires prot\u00e9g\u00e9es Po-Nazinon-Sissili (PONASI) pour s\u2019impr\u00e9gner de la situation de la gestion du complexe.<\/strong><\/p>\n<p>Dans le cadre de sa politique de soutien \u00e0 la gestion durable des aires prot\u00e9g\u00e9es en Afrique de l\u2019Ouest, l\u2019Union europ\u00e9enne (UE) accompagne, depuis plus de 20 ans, les strat\u00e9gies et politiques r\u00e9gionales de l\u2019UEMOA et la CEDEAO ainsi que des plans d\u2019actions nationaux du Burkina Faso. Le complexe d\u2019aires prot\u00e9g\u00e9es PONASI qui regroupe le parc national de <strong>P\u00f4<\/strong> (PNKT \u2013 Parc National Kabor\u00e9 Tambi), le ranch de <strong>Na<\/strong>zinga et la for\u00eat class\u00e9e de la <strong>Si<\/strong>ssili dans les r\u00e9gions du Centre-sud et Centre-ouest est l\u2019un des espaces \u00e9cologiques qui b\u00e9n\u00e9ficient de cet accompagnement. A la t\u00eate d\u2019une \u00e9quipe de son institution, la cheffe de la coop\u00e9ration de la D\u00e9l\u00e9gation de l\u2019Union europ\u00e9enne du Burkina Faso, Pilar Palmero, \u00e9tait, du 28 au 30 mars 2021, \u00e0 l\u2019int\u00e9rieur et en p\u00e9riph\u00e9rie des aires prot\u00e9g\u00e9es du complexe pour s\u2019assurer de la bonne mise en \u0153uvre des actions men\u00e9es gr\u00e2ce aux subventions de l\u2019UE. La visite a permis \u00e0 la d\u00e9l\u00e9gation de l\u2019Union europ\u00e9enne d\u2019\u00e9changer avec les acteurs et repr\u00e9sentants locaux sur divers sujets en lien avec la gestion du complexe notamment sur la question des op\u00e9rations de s\u00e9curisation, r\u00e9alis\u00e9es en 2020 avec l\u2019appui financier de l\u2019UE. Des t\u00e9moignages recueillis, il ressort que la collaboration des diff\u00e9rentes forces de d\u00e9fense et de s\u00e9curit\u00e9 a permis de d\u00e9loger des groupes arm\u00e9s et de reprendre des activit\u00e9s socio-\u00e9conomiques normales. L\u2019implication des populations est \u00e9galement recherch\u00e9e notamment \u00e0 travers la valorisation des Zones villageoises d\u2019int\u00e9r\u00eat cyn\u00e9g\u00e9tique (ZOVICS), pour permettre une collaboration b\u00e9n\u00e9fique et un meilleur respect des zones prot\u00e9g\u00e9es.<\/p>\n<p><strong>Des initiatives positivement appr\u00e9ci\u00e9es des b\u00e9n\u00e9ficiaires<\/strong><\/p>\n<p><img decoding=\"async\" loading=\"lazy\" class=\"alignnone wp-image-34048\" src=\"https:\/\/www.sidwaya.info\/wp-content\/uploads\/2021\/04\/ph-1-manga-1-300x169.jpg\" alt=\"\" width=\"596\" height=\"336\" srcset=\"https:\/\/www.sidwaya.info\/wp-content\/uploads\/2021\/04\/ph-1-manga-1-300x169.jpg 300w, https:\/\/www.sidwaya.info\/wp-content\/uploads\/2021\/04\/ph-1-manga-1-768x432.jpg 768w, https:\/\/www.sidwaya.info\/wp-content\/uploads\/2021\/04\/ph-1-manga-1-150x84.jpg 150w, https:\/\/www.sidwaya.info\/wp-content\/uploads\/2021\/04\/ph-1-manga-1-696x391.jpg 696w, https:\/\/www.sidwaya.info\/wp-content\/uploads\/2021\/04\/ph-1-manga-1-747x420.jpg 747w, https:\/\/www.sidwaya.info\/wp-content\/uploads\/2021\/04\/ph-1-manga-1.jpg 900w\" sizes=\"auto, (max-width: 596px) 100vw, 596px\"\/><\/p>\n<p>Durant son s\u00e9jour, Mme Palmero et sa d\u00e9l\u00e9gation sont all\u00e9es visiter \u00e9galement le d\u00e9veloppement d\u2019activit\u00e9s g\u00e9n\u00e9ratrices de revenus en toute saison, afin de v\u00e9rifier que les populations disposent de compl\u00e9ments de revenus \u00e0 l\u2019exploitation traditionnelle des produits de la for\u00eat. Ces activit\u00e9s s\u2019inscrivent en effet dans les projets \u00ab\u00a0PONASI\u00a0\u00bb et \u00ab\u00a0Wakanda\u00a0\u00bb, mis en \u0153uvre par l\u2019ONG Nitidae et des partenaires locaux comme Anges gardiens de la Nature (AGN), le Centre d\u2019\u00e9tude et de Recherche en Droit de l\u2019Environnement (CERDE) et Naturama. Le projet \u00ab\u00a0Wakanda\u00a0\u00bb travaille principalement \u00e0 la mise en place de p\u00e9rim\u00e8tres maraichers au niveau de 20 villages en p\u00e9riph\u00e9rie du complexe et d\u2019aide \u00e0 la r\u00e9habilitation des for\u00eats communautaires. Cette approche pratique au niveau village a \u00e9t\u00e9 reconnue comme novatrice par les b\u00e9n\u00e9ficiaires qui s\u2019en sont r\u00e9jouis devant la cheffe de coop\u00e9ration de l\u2019UE.<\/p>\n<p>Saisissant l\u2019opportunit\u00e9 d\u2019\u00e9changes avec leur h\u00f4te, ils ont \u00e9galement d\u00e9clin\u00e9 des dol\u00e9ances \u00e0 l\u2019endroit du partenaire UE. Il s\u2019agit, entre autres, de l\u2019augmentation du nombre de forages en vue de couvrir plus d\u2019hectares au niveau des sites mara\u00eechers et l\u2019augmentation du nombre de villages soutenus car l\u2019ensemble des villages de la p\u00e9riph\u00e9rie souhaitent, aujourd\u2019hui, devenir des villages \u00ab\u00a0Wakanda\u00a0\u00bb et ce, eu \u00e9gard aux acquis li\u00e9s aux premi\u00e8res r\u00e9alisations concr\u00e8tes du projet.<\/p>\n<p><strong>Synth\u00e8se de Mamady ZANGO<\/strong><\/p>\n<p><strong>\u00a0<\/strong><\/p>\n<div class=\"td-a-rec td-a-rec-id-content_bottom tdi_33_d08 td_block_template_1\">\n<p><img loading=\"lazy\" decoding=\"async\" class=\"aligncenter size-full wp-image-27454\" src=\"https:\/\/www.sidwaya.info\/wp-content\/uploads\/2020\/10\/PUB-Bandeau-paiement-mobile-siteweb.jpg\" alt=\"\" width=\"728\" height=\"90\"\/><\/div>\n<p>Auteur: Wamini SIDWAYA<br \/>\n<a href=\"https:\/\/www.sidwaya.info\/blog\/2021\/04\/02\/gestion-des-aires-protegees-ponasi-une-delegation-de-lunion-europeenne-au-coeur-du-complexe\/\">Cliquez ici pour lire l&rsquo;article depuis sa source.<\/a><\/p>\n","protected":false},"excerpt":{"rendered":"<p>La cheffe de la coop\u00e9ration de la D\u00e9l\u00e9gation de l\u2019Union europ\u00e9enne au Burkina Faso, Pilar Palmero, \u00e0 la t\u00eate d\u2019une \u00e9quipe de son institution, a visit\u00e9, du 28 au 30 mars 2021, les aires prot\u00e9g\u00e9es Po-Nazinon-Sissili (PONASI) pour s\u2019impr\u00e9gner de la situation de la gestion du complexe. Dans le cadre de sa politique de soutien [&hellip;]<\/p>\n","protected":false},"author":1816,"featured_media":0,"comment_status":"closed","ping_status":"closed","sticky":false,"template":"","format":"standard","meta":{"fifu_image_url":"https:\/\/www.sidwaya.info\/wp-content\/uploads\/2021\/04\/ph-2-mang-696x391.jpg","fifu_image_alt":"Gestion des aires prot\u00e9g\u00e9es PONASI\u00a0: Une d\u00e9l\u00e9gation de l\u2019Union europ\u00e9enne au c\u0153ur du complexe","footnotes":""},"categories":[73,81],"tags":[],"class_list":["post-114219","post","type-post","status-publish","format-standard","hentry","category-actualite","category-burkina-faso"],"_links":{"self":[{"href":"https:\/\/linitiative.ca\/International\/wp-json\/wp\/v2\/posts\/114219","targetHints":{"allow":["GET"]}}],"collection":[{"href":"https:\/\/linitiative.ca\/International\/wp-json\/wp\/v2\/posts"}],"about":[{"href":"https:\/\/linitiative.ca\/International\/wp-json\/wp\/v2\/types\/post"}],"author":[{"embeddable":true,"href":"https:\/\/linitiative.ca\/International\/wp-json\/wp\/v2\/users\/1816"}],"replies":[{"embeddable":true,"href":"https:\/\/linitiative.ca\/International\/wp-json\/wp\/v2\/comments?post=114219"}],"version-history":[{"count":0,"href":"https:\/\/linitiative.ca\/International\/wp-json\/wp\/v2\/posts\/114219\/revisions"}],"wp:attachment":[{"href":"https:\/\/linitiative.ca\/International\/wp-json\/wp\/v2\/media?parent=114219"}],"wp:term":[{"taxonomy":"category","embeddable":true,"href":"https:\/\/linitiative.ca\/International\/wp-json\/wp\/v2\/categories?post=114219"},{"taxonomy":"post_tag","embeddable":true,"href":"https:\/\/linitiative.ca\/International\/wp-json\/wp\/v2\/tags?post=114219"}],"curies":[{"name":"wp","href":"https:\/\/api.w.org\/{rel}","templated":true}]}}