{"id":114221,"date":"2021-04-02T12:18:02","date_gmt":"2021-04-02T16:18:02","guid":{"rendered":"https:\/\/linitiative.ca\/International\/mali-nouvelle-attaque-meurtriere\/"},"modified":"2021-04-02T12:18:02","modified_gmt":"2021-04-02T16:18:02","slug":"mali-nouvelle-attaque-meurtriere","status":"publish","type":"post","link":"https:\/\/linitiative.ca\/International\/mali-nouvelle-attaque-meurtriere\/","title":{"rendered":"Mali : nouvelle attaque meurtri\u00e8re"},"content":{"rendered":"<div readability=\"32\">\n<p>Publi\u00e9 le 02.04.2021 \u00e0 17h18 par APA News<\/p>\n<\/div>\n<div readability=\"50\">\n<p>Quatre Casques bleus sont morts, ce vendredi matin, dans le camp de la Mission multidimensionnelle int\u00e9gr\u00e9e des Nations Unies pour la stabilisation au Mali (Minusma) \u00e0 Aguelhok (Nord).Le bain de sang se poursuit au Mali. Le quartier g\u00e9n\u00e9ral de la mission onusienne \u00e0 Aguelhok a \u00e9t\u00e9 cibl\u00e9 par des hommes lourdement arm\u00e9s. Mais \u00ab les Casques bleus ont vaillamment repouss\u00e9 (cette) attaque \u00bb puisque \u00ab les assaillants ont subi de lourdes pertes\u00a0\u00bb, selon un communiqu\u00e9 de la Mission multidimensionnelle int\u00e9gr\u00e9e des Nations Unies pour la stabilisation au Mali.<\/p>\n<p>Dans les rangs de la Minusma, il y a \u00e9galement eu des bless\u00e9s \u00e9vacu\u00e9s par h\u00e9licopt\u00e8re vers des structures sanitaires. La mission onusienne a fermement condamn\u00e9 \u00ab cette attaque ignoble \u00bb dans le cercle de Tessalit et qui constitue \u00ab une \u00e9ni\u00e8me tentative contre le processus de paix et la mise en \u0153uvre de l\u2019Accord (d\u2019Alger)\u00a0\u00bb.<\/p>\n<p>La Minusma, apr\u00e8s avoir assur\u00e9 que rien \u00ab n\u2019entamera sa d\u00e9termination \u00e0 poursuivre l\u2019ex\u00e9cution de son mandat\u00a0\u00bb, a r\u00e9it\u00e9r\u00e9 son engagement continu \u00e0 prot\u00e9ger les populations et \u00e0 \u0153uvrer pour la paix.<\/p>\n<\/div>\n<p>Auteur: APA News<br \/>\n<a href=\"https:\/\/www.journalducameroun.com\/mali-nouvelle-attaque-meurtriere\/\">Cliquez ici pour lire l&rsquo;article depuis sa source.<\/a><\/p>\n","protected":false},"excerpt":{"rendered":"<p>Publi\u00e9 le 02.04.2021 \u00e0 17h18 par APA News Quatre Casques bleus sont morts, ce vendredi matin, dans le camp de la Mission multidimensionnelle int\u00e9gr\u00e9e des Nations Unies pour la stabilisation au Mali (Minusma) \u00e0 Aguelhok (Nord).Le bain de sang se poursuit au Mali. Le quartier g\u00e9n\u00e9ral de la mission onusienne \u00e0 Aguelhok a \u00e9t\u00e9 cibl\u00e9 [&hellip;]<\/p>\n","protected":false},"author":1965,"featured_media":0,"comment_status":"closed","ping_status":"closed","sticky":false,"template":"","format":"standard","meta":{"fifu_image_url":"","fifu_image_alt":"","footnotes":""},"categories":[73,82],"tags":[],"class_list":["post-114221","post","type-post","status-publish","format-standard","hentry","category-actualite","category-cameroun"],"_links":{"self":[{"href":"https:\/\/linitiative.ca\/International\/wp-json\/wp\/v2\/posts\/114221","targetHints":{"allow":["GET"]}}],"collection":[{"href":"https:\/\/linitiative.ca\/International\/wp-json\/wp\/v2\/posts"}],"about":[{"href":"https:\/\/linitiative.ca\/International\/wp-json\/wp\/v2\/types\/post"}],"author":[{"embeddable":true,"href":"https:\/\/linitiative.ca\/International\/wp-json\/wp\/v2\/users\/1965"}],"replies":[{"embeddable":true,"href":"https:\/\/linitiative.ca\/International\/wp-json\/wp\/v2\/comments?post=114221"}],"version-history":[{"count":0,"href":"https:\/\/linitiative.ca\/International\/wp-json\/wp\/v2\/posts\/114221\/revisions"}],"wp:attachment":[{"href":"https:\/\/linitiative.ca\/International\/wp-json\/wp\/v2\/media?parent=114221"}],"wp:term":[{"taxonomy":"category","embeddable":true,"href":"https:\/\/linitiative.ca\/International\/wp-json\/wp\/v2\/categories?post=114221"},{"taxonomy":"post_tag","embeddable":true,"href":"https:\/\/linitiative.ca\/International\/wp-json\/wp\/v2\/tags?post=114221"}],"curies":[{"name":"wp","href":"https:\/\/api.w.org\/{rel}","templated":true}]}}