{"id":114223,"date":"2021-04-02T14:18:03","date_gmt":"2021-04-02T18:18:03","guid":{"rendered":"https:\/\/linitiative.ca\/International\/cote-divoire-hadj-2021-lage-des-pelerins-fixe-entre-18-et-60-ans-en-raison-de-la-covid-19\/"},"modified":"2021-04-02T14:18:03","modified_gmt":"2021-04-02T18:18:03","slug":"cote-divoire-hadj-2021-lage-des-pelerins-fixe-entre-18-et-60-ans-en-raison-de-la-covid-19","status":"publish","type":"post","link":"https:\/\/linitiative.ca\/International\/cote-divoire-hadj-2021-lage-des-pelerins-fixe-entre-18-et-60-ans-en-raison-de-la-covid-19\/","title":{"rendered":"C\u00f4te d\u2019Ivoire\/Hadj 2021: l\u2019\u00e2ge des p\u00e8lerins fix\u00e9 entre 18 et 60 ans en raison de la Covid-19"},"content":{"rendered":"<div readability=\"32\">\n<p>Publi\u00e9 le 02.04.2021 \u00e0 19h18 par APA News<\/p>\n<\/div>\n<div readability=\"74\">\n<p>L\u2019\u00e2ge des p\u00e8lerins en partance de la C\u00f4te d\u2019Ivoire pour le Hadj 2021 en Arabie Saoudite est fix\u00e9 entre 18 et 60 ans en raison des normes sanitaires exig\u00e9es par les autorit\u00e9s saoudiennes relativement \u00e0 la Covid-19, a appris APA vendredi de source officielle.<\/p>\n<p>Selon un communiqu\u00e9 du Commissariat g\u00e9n\u00e9ral du Hadj, de nouvelles normes sanitaires, une dizaine sont exig\u00e9es cette ann\u00e9e pour le p\u00e8lerinage \u00e0 la Mecque.<\/p>\n<p>En ce qui concerne les p\u00e8lerins en partance de la C\u00f4te d\u2019Ivoire, annonce l\u2019imam Bachir Ouattara, commissaire du Hadj dans ce communiqu\u00e9, il est fait obligation pour tout p\u00e8lerin de recevoir un vaccin de Covid-19 reconnu par l\u2019Organisation mondiale de la sant\u00e9 avec la deuxi\u00e8me dose re\u00e7ue une semaine avant l\u2019entr\u00e9e dans le royaume de l\u2019Arabie Saoudite.<\/p>\n<p>Pour cette ann\u00e9e, il y a \u00e9galement \u00a0l\u2019exemption du Hadj pour les cat\u00e9gories \u00e0 risque et la limitation du p\u00e8lerinage 2021 pour les personnes de cat\u00e9gories d\u2019\u00e2ge compris entre 18 et 60 ans.<\/p>\n<p>\u00a0Par ailleurs, au nombre de ces nouvelles mesures, l\u2019on note entre autres, l\u2019obligation du port du masque pour tous les p\u00e8lerins et travailleurs pendant la p\u00e9riode du Hadj, la coordination obligatoire de la sortie des p\u00e8lerins de leurs logements, la distanciation de 1.50m dans les chambres entre les p\u00e8lerins, la programmation des d\u00e9placements de groupes de 100 personnes avec au moins un guide.<\/p>\n<p>La pr\u00e9sentation d\u2019un r\u00e9sultat n\u00e9gatif de test de la Covid-19 qui a \u00e9t\u00e9 effectu\u00e9 72 heures avant l\u2019arriv\u00e9e du p\u00e8lerin en Arabie Saoudite, l\u2019isolement de 72 heures du p\u00e8lerin \u00e0 son arriv\u00e9e sur le sol du royaume de l\u2019Arabie Saoudite et l\u2019application d\u2019un nouveau test de Covid-19 au p\u00e8lerin dans une structure agr\u00e9\u00e9e par les autorit\u00e9s saoudiennes dans un nouveau d\u00e9lai de 48 heures, figurent \u00e9galement sur la liste des nouvelles conditions.<\/p>\n<p>\u00a0Des millions de personnes en provenance des quatre coins du monde, se rendent chaque ann\u00e9e en Arabie Saoudite pour accomplir le Hadj qui est le cinqui\u00e8me pilier de l\u2019Islam.<\/p>\n<\/div>\n<p>Auteur: APA News<br \/>\n<a href=\"https:\/\/www.journalducameroun.com\/cote-divoire-hadj-2021-lage-des-pelerins-fixe-entre-18-et-60-ans-en-raison-de-la-covid-19\/\">Cliquez ici pour lire l&rsquo;article depuis sa source.<\/a><\/p>\n","protected":false},"excerpt":{"rendered":"<p>Publi\u00e9 le 02.04.2021 \u00e0 19h18 par APA News L\u2019\u00e2ge des p\u00e8lerins en partance de la C\u00f4te d\u2019Ivoire pour le Hadj 2021 en Arabie Saoudite est fix\u00e9 entre 18 et 60 ans en raison des normes sanitaires exig\u00e9es par les autorit\u00e9s saoudiennes relativement \u00e0 la Covid-19, a appris APA vendredi de source officielle. Selon un communiqu\u00e9 [&hellip;]<\/p>\n","protected":false},"author":1965,"featured_media":0,"comment_status":"closed","ping_status":"closed","sticky":false,"template":"","format":"standard","meta":{"fifu_image_url":"","fifu_image_alt":"","footnotes":""},"categories":[73,82],"tags":[],"class_list":["post-114223","post","type-post","status-publish","format-standard","hentry","category-actualite","category-cameroun"],"_links":{"self":[{"href":"https:\/\/linitiative.ca\/International\/wp-json\/wp\/v2\/posts\/114223","targetHints":{"allow":["GET"]}}],"collection":[{"href":"https:\/\/linitiative.ca\/International\/wp-json\/wp\/v2\/posts"}],"about":[{"href":"https:\/\/linitiative.ca\/International\/wp-json\/wp\/v2\/types\/post"}],"author":[{"embeddable":true,"href":"https:\/\/linitiative.ca\/International\/wp-json\/wp\/v2\/users\/1965"}],"replies":[{"embeddable":true,"href":"https:\/\/linitiative.ca\/International\/wp-json\/wp\/v2\/comments?post=114223"}],"version-history":[{"count":0,"href":"https:\/\/linitiative.ca\/International\/wp-json\/wp\/v2\/posts\/114223\/revisions"}],"wp:attachment":[{"href":"https:\/\/linitiative.ca\/International\/wp-json\/wp\/v2\/media?parent=114223"}],"wp:term":[{"taxonomy":"category","embeddable":true,"href":"https:\/\/linitiative.ca\/International\/wp-json\/wp\/v2\/categories?post=114223"},{"taxonomy":"post_tag","embeddable":true,"href":"https:\/\/linitiative.ca\/International\/wp-json\/wp\/v2\/tags?post=114223"}],"curies":[{"name":"wp","href":"https:\/\/api.w.org\/{rel}","templated":true}]}}