{"id":114228,"date":"2021-04-02T07:50:54","date_gmt":"2021-04-02T11:50:54","guid":{"rendered":"https:\/\/linitiative.ca\/International\/crise-anglophone-le-mindef-sexplique-sur-laffaire-wazizi\/"},"modified":"2021-04-02T07:50:54","modified_gmt":"2021-04-02T11:50:54","slug":"crise-anglophone-le-mindef-sexplique-sur-laffaire-wazizi","status":"publish","type":"post","link":"https:\/\/linitiative.ca\/International\/crise-anglophone-le-mindef-sexplique-sur-laffaire-wazizi\/","title":{"rendered":"Crise Anglophone: le Mindef s\u2019explique sur l\u2019affaire Wazizi"},"content":{"rendered":"<p>Les parlementaires attendent les r\u00e9sultats de l\u2019enqu\u00eate demand\u00e9e apr\u00e8s la mort du journaliste Samuel Abuwe Ajieka, plus connu sous le nom de Wazizi.\u00a0\u00a0La s\u00e9ance de questions orales \u00e0 l\u2019adresse des membres du gouvernement qui a eu lieu ce jour, a d\u00e8s lors amen\u00e9 \u00e0 la barre, le ministre d\u00e9l\u00e9gu\u00e9 \u00e0 la pr\u00e9sidence de la R\u00e9publique charg\u00e9 de la D\u00e9fense. \u00ab\u00a0Un des repr\u00e9sentants de cette corporation (ndlr Journalistes) en l\u2019occurrence le journaliste Samuel Wazizi, a d\u2019abord \u00e9t\u00e9 consid\u00e9r\u00e9 comme port\u00e9 disparu en ao\u00fbt\u00a02019, avant d\u2019\u00eatre d\u00e9clar\u00e9 mort par un communiqu\u00e9 laconique du Ministre de la D\u00e9fense presqu\u2019un an plus tard\u2026 Je ne voudrais pas croire que la protection des Droits de l\u2019Homme et des Droits humains, ainsi que celle des repr\u00e9sentants des m\u00e9dias s\u2019est d\u00e9grad\u00e9e au Cameroun en g\u00e9n\u00e9ral et dans les r\u00e9gions du Nord-Ouest et du Sud-Ouest en particulier. Dites-nous s\u2019il vous pla\u00eet les suites r\u00e9serv\u00e9es aux plaintes des m\u00e9dias et de la famille de Samuel Wazizi\u00a0?\u00a0\u00bb<em>\u00a0<\/em>a questionn\u00e9 l\u2019honorable Prudencia Injo Foo Ngang.<\/p>\n<p>Une interpellation qui n\u2019a toutefois pas produit un r\u00e9sultat cons\u00e9quent. Joseph Beti Assomo a en effet fait\u00a0\u00a0dans la langue de bois au sujet de cette affaire. Alors que l\u2019enqu\u00eate a \u00e9t\u00e9 instruite par le pr\u00e9sident de la R\u00e9publique, les r\u00e9sultats ne sont pas encore connus. Et c\u2019est sur ce point que s\u2019est appuy\u00e9 le Mindef. \u00ab\u00a0Il a \u00e9t\u00e9 arr\u00eat\u00e9 le 3 ao\u00fbt\u00a02019 pour avoir coop\u00e9r\u00e9 avec des terroristes et pour complicit\u00e9 de terrorisme. Apr\u00e8s\u00a0\u00a0avoir\u00a0\u00a0\u00e9t\u00e9 transf\u00e9r\u00e9 \u00e0 Yaound\u00e9 pour exploitation, il est malheureusement mort \u00e0 l\u2019H\u00f4pital militaire de la premi\u00e8re r\u00e9gion. Apr\u00e8s sa mort qui a entra\u00een\u00e9\u00a0de s\u00e9rieuses agitations notamment avec les m\u00e9dias, une enqu\u00eate a \u00e9t\u00e9 ouverte sur ordre du Chef de l\u2019Etat, Chef des Arm\u00e9es, dans le but est\u00a0\u00a0de d\u00e9terminer les circonstances qui ont conduit \u00e0 ce tragique d\u00e9c\u00e8s. Les r\u00e9sultats de ces investigations sont encore attendus. Il serait inappropri\u00e9 de faire des d\u00e9clarations avant que\u00a0\u00a0les r\u00e9sultats de l\u2019enqu\u00eate ne soient rendus publics\u00a0\u00bb\u00a0a assur\u00e9 le Patron de la D\u00e9fense<em>.<\/em><\/p>\n<p>Une r\u00e9ponse laconique alors que les r\u00e9sultats de l\u2019enqu\u00eate li\u00e9e aux circonstances de la mort de Samuel Wazizi sont attendus non seulement par les acteurs politiques, mais aussi par la famille de la victime\u00a0\u00a0et les m\u00e9dias. L\u2019on se rappelle en effet, que la r\u00e9v\u00e9lation du d\u00e9c\u00e8s de Samuel Wazizi plus d\u2019un an apr\u00e8s sa mort avait caus\u00e9 un t\u00f4l\u00e9 dans l\u2019espace public. Le Social democratic front (SDFR), le Mouvement pour la renaissance du Cameroun (Mrc) notamment\u00a0\u00a0et des organismes tels que Reporters sans fronti\u00e8re (Rsf) avaient appel\u00e9 \u00e0 l\u2019ouverture d\u2019une enqu\u00eate et condamn\u00e9 l\u2019Arm\u00e9e.<\/p>\n<p><strong>Le Cas kingsley Njoka<\/strong><\/p>\n<p>Outre le cas Samuel Wazizi, le Mindef a \u00e9galement \u00e9t\u00e9 invit\u00e9 par la Repr\u00e9sentation nationale \u00e0 apporter des \u00e9clairages sur la situation du journaliste Kingsley Njoka, actuellement emprisonn\u00e9 \u00e0 Yaound\u00e9. \u00ab\u00a0Un autre journaliste nomm\u00e9 Njoka Kingsley est depuis quelques mois en d\u00e9tention provisoire, sans qu\u2019on ne nous dise exactement ce qui lui est reproch\u00e9\u00a0\u00bb<em>\u00a0<\/em>remarque l\u2019honorable Prudencia Injo Foo Ngang. Pour ce point \u00e9galement, Joseph Beti Assomo brandit la carte de \u00ab\u00a0l\u2019affaire en cours\u00a0\u00bb. Il donne toutefois les charges qui p\u00e8sent sur le journaliste. \u00ab\u00a0Dans le cas de Kingsley Njoka, il faut noter qu\u2019il a \u00e9t\u00e9 arr\u00eat\u00e9 dans la ville de Douala, le 15 mai 2020. Il est poursuivi devant le tribunal militaire de Yaound\u00e9 pour s\u00e9cession et complicit\u00e9 d\u2019actes de s\u00e9cession. L\u2019enqu\u00eate traditionnelle dans ce genre de cas est en cours.\u00a0\u00bb<em>\u00a0<\/em>Des charges passibles de peine de mort ou de condamnation \u00e0 la r\u00e9clusion \u00e0 vie.<\/p>\n<p>Auteur: EcoMatin<br \/>\n<a href=\"https:\/\/ecomatin.net\/crise-anglophone-le-mindef-sexpliique-sur-laffaire-wazizi\/\">Cliquez ici pour lire l&rsquo;article depuis sa source.<\/a><\/p>\n","protected":false},"excerpt":{"rendered":"<p>Les parlementaires attendent les r\u00e9sultats de l\u2019enqu\u00eate demand\u00e9e apr\u00e8s la mort du journaliste Samuel Abuwe Ajieka, plus connu sous le nom de Wazizi.\u00a0\u00a0La s\u00e9ance de questions orales \u00e0 l\u2019adresse des membres du gouvernement qui a eu lieu ce jour, a d\u00e8s lors amen\u00e9 \u00e0 la barre, le ministre d\u00e9l\u00e9gu\u00e9 \u00e0 la pr\u00e9sidence de la R\u00e9publique [&hellip;]<\/p>\n","protected":false},"author":1969,"featured_media":0,"comment_status":"closed","ping_status":"closed","sticky":false,"template":"","format":"standard","meta":{"fifu_image_url":"","fifu_image_alt":"","footnotes":""},"categories":[82,78],"tags":[],"class_list":["post-114228","post","type-post","status-publish","format-standard","hentry","category-cameroun","category-economie"],"_links":{"self":[{"href":"https:\/\/linitiative.ca\/International\/wp-json\/wp\/v2\/posts\/114228","targetHints":{"allow":["GET"]}}],"collection":[{"href":"https:\/\/linitiative.ca\/International\/wp-json\/wp\/v2\/posts"}],"about":[{"href":"https:\/\/linitiative.ca\/International\/wp-json\/wp\/v2\/types\/post"}],"author":[{"embeddable":true,"href":"https:\/\/linitiative.ca\/International\/wp-json\/wp\/v2\/users\/1969"}],"replies":[{"embeddable":true,"href":"https:\/\/linitiative.ca\/International\/wp-json\/wp\/v2\/comments?post=114228"}],"version-history":[{"count":0,"href":"https:\/\/linitiative.ca\/International\/wp-json\/wp\/v2\/posts\/114228\/revisions"}],"wp:attachment":[{"href":"https:\/\/linitiative.ca\/International\/wp-json\/wp\/v2\/media?parent=114228"}],"wp:term":[{"taxonomy":"category","embeddable":true,"href":"https:\/\/linitiative.ca\/International\/wp-json\/wp\/v2\/categories?post=114228"},{"taxonomy":"post_tag","embeddable":true,"href":"https:\/\/linitiative.ca\/International\/wp-json\/wp\/v2\/tags?post=114228"}],"curies":[{"name":"wp","href":"https:\/\/api.w.org\/{rel}","templated":true}]}}