{"id":114229,"date":"2021-04-02T10:24:53","date_gmt":"2021-04-02T14:24:53","guid":{"rendered":"https:\/\/linitiative.ca\/International\/fonction-publique-ou-en-est-le-recrutement-de-1000-enseignants-bilingues\/"},"modified":"2021-04-02T10:24:53","modified_gmt":"2021-04-02T14:24:53","slug":"fonction-publique-ou-en-est-le-recrutement-de-1000-enseignants-bilingues","status":"publish","type":"post","link":"https:\/\/linitiative.ca\/International\/fonction-publique-ou-en-est-le-recrutement-de-1000-enseignants-bilingues\/","title":{"rendered":"Fonction publique: o\u00f9 en est le  recrutement de 1000 enseignants bilingues ?"},"content":{"rendered":"<p>Le gouvernement avait pari\u00e9 dessus pour la d\u00e9crispation de la situation dans les r\u00e9gions du Nord-Ouest et du Sud-Ouest en 2017. Environ 4 ans plus tard, le recrutement total des 1000 enseignants bilingues n\u2019est pas totalement effectif. Les d\u00e9put\u00e9s ont d\u00e8s lors profit\u00e9 de la s\u00e9ance de questions orales \u00e0 l\u2019adresse du gouvernement pour demander des explications \u00e0 Joseph Le. Une question orale de l\u2019honorable Kum John Nji qui a port\u00e9 notamment sur l\u2019authentification des dipl\u00f4mes, le nombre d\u2019enseignants recrut\u00e9s, la collaboration entre le minist\u00e8re de la Fonction publique et les d\u00e9partements minist\u00e9riels impliqu\u00e9s dans ce processus.<\/p>\n<p><strong>780 enseignants recrut\u00e9s<\/strong><\/p>\n<p>Selon Joseph Le, 780 enseignants bilingues ont d\u00e9j\u00e0 \u00e9t\u00e9 recrut\u00e9s.\u00a0 La majorit\u00e9 est issue des r\u00e9gions du Nord-Ouest et du Sud-Ouest. \u00ab\u00a080% sont \u00a0originaires du Nord-Ouest et du Sud-Ouest et 20% pour les 8 autres r\u00e9gions. Sur le plan des statistiques obtenues plus tard, il est not\u00e9 que 978 candidats ont d\u00e9pos\u00e9 leur dossier. A date nous avons 780 enseignants bilingues\u00a0\u00bb.\u00a0Pour le ministre de la Fonction publique, les autres recrutements n\u2019ont pas \u00e9t\u00e9 effectifs du fait des dossiers incomplets. L\u2019on note notamment 18 dossiers ne poss\u00e9dant pas d\u2019\u00e9quivalence de dipl\u00f4me, 11 ayant un d\u00e9faut d\u2019un certain nombre de pi\u00e8ces\u00a0: attestation de pr\u00e9sence effective au poste. Copie certifi\u00e9e conforme des dipl\u00f4mes, attestation de pr\u00e9sentation de l\u2019original du dipl\u00f4me. Extrait de cassier judiciaire. \u00ab\u00a0Cette situation tient lieu \u00e0 plusieurs param\u00e8tres qui ont \u00e9t\u00e9 port\u00e9s r\u00e9cemment \u00e0 mon attention. Probl\u00e8me d\u2019authenticit\u00e9 des dipl\u00f4mes, absence de pr\u00e9sence effective au poste, absence de certification des dipl\u00f4mes par les institutions concern\u00e9es, absence de copies originales des dipl\u00f4mes etc. Face \u00e0 cette situation, nous ne croisons \u00e9videment pas les bras. C\u2019est pour cela que notre communication sur tous les supports possibles appelle ces personnes \u00e0 venir compl\u00e9ter leur dossier. Mon adresse mail personnel, mon num\u00e9ro et mon num\u00e9ro Whatsapp ont \u00e9t\u00e9 rendus disponibles pour qu\u2019ils puissent exprimer leurs souhaits directement\u00a0\u00bb\u00a0pr\u00e9cise Joseph Le<em>.<\/em><\/p>\n<p><strong>Faux dipl\u00f4mes<\/strong><\/p>\n<p>Le ministre de la Fonction publique a \u00e9galement fait un point sur la gestion des faux dipl\u00f4mes d\u00e9tenus par certains agents de la fonction publique. Le gouvernement pr\u00e9voit d\u00e8s lors une riposte qui repose notamment sur la\u00a0 cr\u00e9ation d\u2019une plateforme regroupant certains \u00a0d\u00e9partements minist\u00e9riels. \u00ab\u00a0Nous travaillons en collaboration avec le Minesup, le Minsant\u00e9, le Mindub, Minesec et avec d\u2019autres institutions, dans le but de mettre en place une plateforme digitale. Par un simple clic, on pourrait savoir si le dipl\u00f4me pr\u00e9sent\u00e9 par un candidat est vrai ou faux.\u00a0\u00a0Dans le m\u00eame ordre d\u2019id\u00e9e, nous instruisons nos collaborateurs des institutions qui ont constamment ce probl\u00e8me de faux dipl\u00f4mes de faire de l\u2019authentification des dipl\u00f4mes, une \u00e9tape du processus d\u2019avancement des carri\u00e8res. Le minist\u00e8re de la Fonction publique a r\u00e9cemment sign\u00e9 un partenariat avec le minist\u00e8re de l\u2019Enseignement sup\u00e9rieur dans le cadre de l\u2019authentification des dipl\u00f4mes dans les institutions acad\u00e9miques publiques et priv\u00e9es\u00a0\u00bb<em>.<\/em><\/p>\n<p>En rappel, la probl\u00e9matique des faux dipl\u00f4mes est une constante au sein de l\u2019administration camerounaise. Un ph\u00e9nom\u00e8ne qui s\u2019\u00e9tend \u00e9galement aux documents d\u2019\u00e9tat civil.\u00a0<\/p>\n<p>Auteur: EcoMatin<br \/>\n<a href=\"https:\/\/ecomatin.net\/fonction-publique-ou-en-est-le-recrutement-de-1000-enseignants-bilingues\/\">Cliquez ici pour lire l&rsquo;article depuis sa source.<\/a><\/p>\n","protected":false},"excerpt":{"rendered":"<p>Le gouvernement avait pari\u00e9 dessus pour la d\u00e9crispation de la situation dans les r\u00e9gions du Nord-Ouest et du Sud-Ouest en 2017. Environ 4 ans plus tard, le recrutement total des 1000 enseignants bilingues n\u2019est pas totalement effectif. Les d\u00e9put\u00e9s ont d\u00e8s lors profit\u00e9 de la s\u00e9ance de questions orales \u00e0 l\u2019adresse du gouvernement pour demander [&hellip;]<\/p>\n","protected":false},"author":1969,"featured_media":0,"comment_status":"closed","ping_status":"closed","sticky":false,"template":"","format":"standard","meta":{"fifu_image_url":"","fifu_image_alt":"","footnotes":""},"categories":[82,78],"tags":[],"class_list":["post-114229","post","type-post","status-publish","format-standard","hentry","category-cameroun","category-economie"],"_links":{"self":[{"href":"https:\/\/linitiative.ca\/International\/wp-json\/wp\/v2\/posts\/114229","targetHints":{"allow":["GET"]}}],"collection":[{"href":"https:\/\/linitiative.ca\/International\/wp-json\/wp\/v2\/posts"}],"about":[{"href":"https:\/\/linitiative.ca\/International\/wp-json\/wp\/v2\/types\/post"}],"author":[{"embeddable":true,"href":"https:\/\/linitiative.ca\/International\/wp-json\/wp\/v2\/users\/1969"}],"replies":[{"embeddable":true,"href":"https:\/\/linitiative.ca\/International\/wp-json\/wp\/v2\/comments?post=114229"}],"version-history":[{"count":0,"href":"https:\/\/linitiative.ca\/International\/wp-json\/wp\/v2\/posts\/114229\/revisions"}],"wp:attachment":[{"href":"https:\/\/linitiative.ca\/International\/wp-json\/wp\/v2\/media?parent=114229"}],"wp:term":[{"taxonomy":"category","embeddable":true,"href":"https:\/\/linitiative.ca\/International\/wp-json\/wp\/v2\/categories?post=114229"},{"taxonomy":"post_tag","embeddable":true,"href":"https:\/\/linitiative.ca\/International\/wp-json\/wp\/v2\/tags?post=114229"}],"curies":[{"name":"wp","href":"https:\/\/api.w.org\/{rel}","templated":true}]}}