{"id":114230,"date":"2021-04-02T13:52:22","date_gmt":"2021-04-02T17:52:22","guid":{"rendered":"https:\/\/linitiative.ca\/International\/fourniture-delectricite-304-millions-de-f-pour-finaliser-les-services-de-comptage-electricite\/"},"modified":"2021-04-02T13:52:22","modified_gmt":"2021-04-02T17:52:22","slug":"fourniture-delectricite-304-millions-de-f-pour-finaliser-les-services-de-comptage-electricite","status":"publish","type":"post","link":"https:\/\/linitiative.ca\/International\/fourniture-delectricite-304-millions-de-f-pour-finaliser-les-services-de-comptage-electricite\/","title":{"rendered":"Fourniture d\u2019\u00e9lectricit\u00e9 : 304 millions de F pour finaliser les services de comptage \u00e9lectricit\u00e9"},"content":{"rendered":"<p>Le secteur de l\u2019\u00e9lectricit\u00e9 camerounais enregistre des pertes techniques et financi\u00e8res consid\u00e9rables. Selon le rapport d\u2019activit\u00e9 2019 de l\u2019Energy of Cameroon (Eneo), celles-ci s\u2019\u00e9levaient \u00e0 32,03 %. A cette situation, il faut ajouter le d\u00e9ficit en compteurs, qui rendent difficile le recouvrement des recettes et par ailleurs favorisent la fraude massive. De ce d\u00e9ficit d\u00e9coule entre autres, un faible rendement de distribution en \u00e9lectricit\u00e9, de fortes r\u00e9clamations aff\u00e9rentes \u00e0 la mauvaise facturation, et les pertes enregistr\u00e9es de 1 \u00e0 2% du BIP chaque ann\u00e9e.<\/p>\n<p><strong>Lire aussi<\/strong> : <strong><a href=\"https:\/\/ecomatin.net\/electricite-larsel-veut-alleger-les-procedures-pour-la-delivrance-des-titres-de-distribution\/\">Electricit\u00e9 : L\u2019Arsel veut all\u00e9ger les proc\u00e9dures pour la d\u00e9livrance des titres de distribution<\/a><\/strong><\/p>\n<p>Fort de ce constat, l\u2019Agence de r\u00e9gulation du secteur de l\u2019\u00e9lectricit\u00e9 (Arsel), a sollicit\u00e9 en 2018 une assistance technique aupr\u00e8s de la Banque Africaine de D\u00e9veloppement (BAD) en relation avec le programme Fund for African Private Sector Assistance (FAPA). Ce qui a abouti \u00e0 la signature de la lettre d\u2019accord de don le 07 novembre 2019 \u00e0 Yaound\u00e9. Le projet d\u2019\u00e9tude rendu actuellement \u00e0 sa deuxi\u00e8me composante, vise \u00e0 la r\u00e9daction des projets de textes r\u00e8glementaires pour la filialisation des services de comptage, ainsi que le d\u00e9ploiement de compteurs intelligents pr\u00e9pay\u00e9s. L\u2019enveloppe globale d\u00e9di\u00e9e au projet s\u2019\u00e9l\u00e8ve \u00e0 304 millions de F, donc 291 millions de F, mis \u00e0 disposition, par la Banque Africaine de D\u00e9veloppement, \u00e0 travers le Fund for African Private Sector Assistance(FAPA), et 12 millions de F, qui repr\u00e9sentent la contrepartie camerounaise. Sous la coordination de l\u2019Arsel, le projet a pour but de combler le d\u00e9ficit de comptage dans l\u2019industrie \u00e9lectrique camerounaise au moyen d\u2019une assistance technique. A ce titre le projet se r\u00e9alisera, selon les informations obtenues au niveau des services de Arsel avec \u00ab la mise en place d\u2019un nouveau mod\u00e8le d\u2019entreprise en vue de la cr\u00e9ation et \u00e0 l\u2019attribution des licences \u00e0 de nouvelles entit\u00e9s, les fournisseurs de compteurs, pour la fourniture des services de comptage innovants aux gestionnaires des r\u00e9seaux de distribution par le biais d\u2019un contrat de niveau de service entre les Gestionnaires des R\u00e9seaux de Distribution (GRD) et les fournisseurs de compteurs\u00bb.<\/p>\n<p><strong>Lire aussi<\/strong> : <strong><a href=\"https:\/\/ecomatin.net\/etablissements-publics-le-dg-de-larsel-en-conformite-avec-la-loi\/\">\u00c9tablissements publics : le Dg de l\u2019Arsel en conformit\u00e9 avec la loi<\/a><\/strong><\/p>\n<p>Environ 4,4 millions de m\u00e9nages et de r\u00e9sidences qui auront acc\u00e8s \u00e0 des compteurs pourront payer leurs consommations exactes, \u00e0 travers des cartes rechargeables \u00e0 l\u2019instar des cartes de t\u00e9l\u00e9phonie. Ce qui \u00e9liminera la pratique de la facture estimative, source de m\u00e9fiance, des ann\u00e9es durant, entre les entreprises de distribution et la client\u00e8le.<\/p>\n<p>Auteur: Amina MALLOUM<br \/>\n<a href=\"https:\/\/ecomatin.net\/fourniture-delectricite-304-millionss-de-f-pour-finaliser-les-services-de-comptage-electricite\/\">Cliquez ici pour lire l&rsquo;article depuis sa source.<\/a><\/p>\n","protected":false},"excerpt":{"rendered":"<p>Le secteur de l\u2019\u00e9lectricit\u00e9 camerounais enregistre des pertes techniques et financi\u00e8res consid\u00e9rables. Selon le rapport d\u2019activit\u00e9 2019 de l\u2019Energy of Cameroon (Eneo), celles-ci s\u2019\u00e9levaient \u00e0 32,03 %. A cette situation, il faut ajouter le d\u00e9ficit en compteurs, qui rendent difficile le recouvrement des recettes et par ailleurs favorisent la fraude massive. De ce d\u00e9ficit d\u00e9coule [&hellip;]<\/p>\n","protected":false},"author":1969,"featured_media":0,"comment_status":"closed","ping_status":"closed","sticky":false,"template":"","format":"standard","meta":{"fifu_image_url":"","fifu_image_alt":"","footnotes":""},"categories":[82,78],"tags":[],"class_list":["post-114230","post","type-post","status-publish","format-standard","hentry","category-cameroun","category-economie"],"_links":{"self":[{"href":"https:\/\/linitiative.ca\/International\/wp-json\/wp\/v2\/posts\/114230","targetHints":{"allow":["GET"]}}],"collection":[{"href":"https:\/\/linitiative.ca\/International\/wp-json\/wp\/v2\/posts"}],"about":[{"href":"https:\/\/linitiative.ca\/International\/wp-json\/wp\/v2\/types\/post"}],"author":[{"embeddable":true,"href":"https:\/\/linitiative.ca\/International\/wp-json\/wp\/v2\/users\/1969"}],"replies":[{"embeddable":true,"href":"https:\/\/linitiative.ca\/International\/wp-json\/wp\/v2\/comments?post=114230"}],"version-history":[{"count":0,"href":"https:\/\/linitiative.ca\/International\/wp-json\/wp\/v2\/posts\/114230\/revisions"}],"wp:attachment":[{"href":"https:\/\/linitiative.ca\/International\/wp-json\/wp\/v2\/media?parent=114230"}],"wp:term":[{"taxonomy":"category","embeddable":true,"href":"https:\/\/linitiative.ca\/International\/wp-json\/wp\/v2\/categories?post=114230"},{"taxonomy":"post_tag","embeddable":true,"href":"https:\/\/linitiative.ca\/International\/wp-json\/wp\/v2\/tags?post=114230"}],"curies":[{"name":"wp","href":"https:\/\/api.w.org\/{rel}","templated":true}]}}