{"id":114232,"date":"2021-04-03T07:51:19","date_gmt":"2021-04-03T11:51:19","guid":{"rendered":"https:\/\/linitiative.ca\/International\/partis-la-cour-constitutionnelle-valide-la-loi-organique\/"},"modified":"2021-04-03T07:51:19","modified_gmt":"2021-04-03T11:51:19","slug":"partis-la-cour-constitutionnelle-valide-la-loi-organique","status":"publish","type":"post","link":"https:\/\/linitiative.ca\/International\/partis-la-cour-constitutionnelle-valide-la-loi-organique\/","title":{"rendered":"Partis: la Cour constitutionnelle valide la loi organique"},"content":{"rendered":"<header>\n<\/header>\n<div class=\"entry-content clearfix\" readability=\"45\">\n<figure class=\"post-thumbnail\" itemprop=\"associatedMedia\" itemscope=\"itemscope\" itemtype=\"http:\/\/schema.org\/ImageObject\"><img decoding=\"async\" class=\"post_layout_5_img\" src=\"http:\/\/aujourdhui.ma\/wp-content\/uploads\/2021\/03\/Parlement-Maroc.jpg\" alt=\"Partis: la Cour constitutionnelle valide la loi organique\"\/><\/figure>\n<p><span class=\"c5\"><strong>La nouvelle loi organique relative aux partis politiques re\u00e7oit le visa des gardiens de la Constitution.<\/strong><\/span><span id=\"more-372877\"\/><\/p>\n<p>En effet, la Cour constitutionnelle vient de valider les amendements introduits au texte par le parlement en perspective des prochaines \u00e9lections l\u2019\u00e9t\u00e9 prochain. Pour rappel, la Chambre des repr\u00e9sentants avait il y a deux semaines adopt\u00e9 en deuxi\u00e8me lecture le projet de loi organique 07.21 modifiant la loi organique n\u00b0 29.11 relative aux partis politiques, qui entend activer les Hautes instructions royales relatives \u00e0 l\u2019augmentation du montant du soutien public accord\u00e9 aux partis politiques, afin de les accompagner et de les motiver \u00e0 renouveler leurs m\u00e9thodes de travail, de mani\u00e8re \u00e0 contribuer \u00e0 relever le niveau de performance des partis et la qualit\u00e9 de la l\u00e9gislation et des politiques publiques, tout en allouant une partie des subventions publiques au profit des comp\u00e9tences mobilis\u00e9es en mati\u00e8re de r\u00e9flexion, d\u2019analyse et d\u2019innovation.<\/p>\n<\/div>\n<p>Auteur: ALM<br \/>\n<a href=\"https:\/\/aujourdhui.ma\/politique\/partis-la-cour-constitutionnelle-valide-la-loi-organique\">Cliquez ici pour lire l&rsquo;article depuis sa source.<\/a><\/p>\n","protected":false},"excerpt":{"rendered":"<p>La nouvelle loi organique relative aux partis politiques re\u00e7oit le visa des gardiens de la Constitution. En effet, la Cour constitutionnelle vient de valider les amendements introduits au texte par le parlement en perspective des prochaines \u00e9lections l\u2019\u00e9t\u00e9 prochain. Pour rappel, la Chambre des repr\u00e9sentants avait il y a deux semaines adopt\u00e9 en deuxi\u00e8me lecture [&hellip;]<\/p>\n","protected":false},"author":1759,"featured_media":0,"comment_status":"closed","ping_status":"closed","sticky":false,"template":"","format":"standard","meta":{"fifu_image_url":"http:\/\/aujourdhui.ma\/wp-content\/uploads\/2021\/03\/Parlement-Maroc.jpg","fifu_image_alt":"Partis: la Cour constitutionnelle valide la loi organique","footnotes":""},"categories":[73,54],"tags":[],"class_list":["post-114232","post","type-post","status-publish","format-standard","hentry","category-actualite","category-maroc"],"_links":{"self":[{"href":"https:\/\/linitiative.ca\/International\/wp-json\/wp\/v2\/posts\/114232","targetHints":{"allow":["GET"]}}],"collection":[{"href":"https:\/\/linitiative.ca\/International\/wp-json\/wp\/v2\/posts"}],"about":[{"href":"https:\/\/linitiative.ca\/International\/wp-json\/wp\/v2\/types\/post"}],"author":[{"embeddable":true,"href":"https:\/\/linitiative.ca\/International\/wp-json\/wp\/v2\/users\/1759"}],"replies":[{"embeddable":true,"href":"https:\/\/linitiative.ca\/International\/wp-json\/wp\/v2\/comments?post=114232"}],"version-history":[{"count":0,"href":"https:\/\/linitiative.ca\/International\/wp-json\/wp\/v2\/posts\/114232\/revisions"}],"wp:attachment":[{"href":"https:\/\/linitiative.ca\/International\/wp-json\/wp\/v2\/media?parent=114232"}],"wp:term":[{"taxonomy":"category","embeddable":true,"href":"https:\/\/linitiative.ca\/International\/wp-json\/wp\/v2\/categories?post=114232"},{"taxonomy":"post_tag","embeddable":true,"href":"https:\/\/linitiative.ca\/International\/wp-json\/wp\/v2\/tags?post=114232"}],"curies":[{"name":"wp","href":"https:\/\/api.w.org\/{rel}","templated":true}]}}