{"id":114236,"date":"2021-04-03T10:20:00","date_gmt":"2021-04-03T14:20:00","guid":{"rendered":"https:\/\/linitiative.ca\/International\/hanoune-denonce-une-operation-criminelle-contre-le-pt\/"},"modified":"2021-04-03T10:20:00","modified_gmt":"2021-04-03T14:20:00","slug":"hanoune-denonce-une-operation-criminelle-contre-le-pt","status":"publish","type":"post","link":"https:\/\/linitiative.ca\/International\/hanoune-denonce-une-operation-criminelle-contre-le-pt\/","title":{"rendered":"Hanoune d\u00e9nonce une op\u00e9ration \u00abcriminelle\u00bb contre le PT"},"content":{"rendered":"<div id=\"originalText\" readability=\"74\">\n<p class=\"c6\">La secr\u00e9taire g\u00e9n\u00e9rale du parti des travailleurs (PT), Louisa Hanoune, a d\u00e9nonc\u00e9, ce samedi, la tenue de la r\u00e9union organis\u00e9e, ce matin, \u00e0 l\u2019h\u00f4tel Mazafran (Z\u00e9ralda), par des personnes \u00ab \u00e9trang\u00e8res au parti \u00bb, qu&rsquo;elle qualifie de \u00ab ramassis \u00bb, et qui ont annonc\u00e9 sa destitution.<\/p>\n<p class=\"c6\">\u00ab Les participants \u00e0 cette r\u00e9union n\u2019ont aucune relation avec le parti. Certains d\u2019entre eux seraient m\u00eame adh\u00e9rents de partis du pouvoir o\u00f9 ils sont candidats aux prochaines \u00e9lections l\u00e9gislatives \u00bb, affirme la premi\u00e8re responsable du PT, qui pr\u00e9cise, dans un live, que cette op\u00e9ration est \u00ab totalement ext\u00e9rieure \u00bb \u00e0 son parti.<\/p>\n<p class=\"c6\">Pour rappel, Louisa Hanoune, qui subit une campagne de \u00ab lynchage \u00bb depuis quelques jours, par ses d\u00e9tracteurs, sur les r\u00e9seaux sociaux, avait \u00e9voqu\u00e9, mercredi dernier, lors d\u2019une conf\u00e9rence de presse, \u00ab une tentative de putsch \u00bb, orchestr\u00e9e par d\u2019\u00ab anciens membres et cadres du parti visant \u00e0 \u00ab changer le nature politique de PT \u00bb.<\/p>\n<p class=\"c6\">La secr\u00e9taire g\u00e9n\u00e9rale du parti des travailleurs qui se demande si les acteurs du \u00ab coup d\u2019\u00e9tat \u00bb ont agi \u00ab de leur plein gr\u00e8s \u00bb donne un rendez-vous, demain \u00e0 11h, pour une conf\u00e9rence de presse au si\u00e8ge du PT, afin de clarifier le \u00ab but \u00bb et les \u00ab risques \u00bb de cette op\u00e9ration qu\u2019elle qualifie de \u00ab criminelle \u00bb.<\/p>\n<p><iframe loading=\"lazy\" allow=\"autoplay; clipboard-write; encrypted-media; picture-in-picture; web-share\" allowfullscreen=\"true\" frameborder=\"0\" height=\"314\" scrolling=\"no\" src=\"https:\/\/www.facebook.com\/plugins\/video.php?height=314&amp;href=https%3A%2F%2Fwww.facebook.com%2Fpageofficiellept%2Fvideos%2F822028148735111%2F&amp;show_text=false&amp;width=560\" class=\"c7\" width=\"560\">[embedded content]<\/iframe><\/p>\n<p class=\"c6\">\u00a0<\/p>\n<p class=\"c8\"><strong>Kenza SIFI<\/strong><\/p>\n<\/div>\n<div id=\"text_core\" readability=\"74\">\n<p class=\"c6\">La secr\u00e9taire g\u00e9n\u00e9rale du parti des travailleurs (PT), Louisa Hanoune, a d\u00e9nonc\u00e9, ce samedi, la tenue de la r\u00e9union organis\u00e9e, ce matin, \u00e0 l\u2019h\u00f4tel Mazafran (Z\u00e9ralda), par des personnes \u00ab \u00e9trang\u00e8res au parti \u00bb, qu&rsquo;elle qualifie de \u00ab ramassis \u00bb, et qui ont annonc\u00e9 sa destitution.<\/p>\n<p class=\"c6\">\u00ab Les participants \u00e0 cette r\u00e9union n\u2019ont aucune relation avec le parti. Certains d\u2019entre eux seraient m\u00eame adh\u00e9rents de partis du pouvoir o\u00f9 ils sont candidats aux prochaines \u00e9lections l\u00e9gislatives \u00bb, affirme la premi\u00e8re responsable du PT, qui pr\u00e9cise, dans un live, que cette op\u00e9ration est \u00ab totalement ext\u00e9rieure \u00bb \u00e0 son parti.<\/p>\n<p class=\"c6\">Pour rappel, Louisa Hanoune, qui subit une campagne de \u00ab lynchage \u00bb depuis quelques jours, par ses d\u00e9tracteurs, sur les r\u00e9seaux sociaux, avait \u00e9voqu\u00e9, mercredi dernier, lors d\u2019une conf\u00e9rence de presse, \u00ab une tentative de putsch \u00bb, orchestr\u00e9e par d\u2019\u00ab anciens membres et cadres du parti visant \u00e0 \u00ab changer le nature politique de PT \u00bb.<\/p>\n<p class=\"c6\">La secr\u00e9taire g\u00e9n\u00e9rale du parti des travailleurs qui se demande si les acteurs du \u00ab coup d\u2019\u00e9tat \u00bb ont agi \u00ab de leur plein gr\u00e8s \u00bb donne un rendez-vous, demain \u00e0 11h, pour une conf\u00e9rence de presse au si\u00e8ge du PT, afin de clarifier le \u00ab but \u00bb et les \u00ab risques \u00bb de cette op\u00e9ration qu\u2019elle qualifie de \u00ab criminelle \u00bb.<\/p>\n<p><iframe loading=\"lazy\" allow=\"autoplay; clipboard-write; encrypted-media; picture-in-picture; web-share\" allowfullscreen=\"true\" frameborder=\"0\" height=\"314\" scrolling=\"no\" src=\"https:\/\/www.facebook.com\/plugins\/video.php?height=314&amp;href=https%3A%2F%2Fwww.facebook.com%2Fpageofficiellept%2Fvideos%2F822028148735111%2F&amp;show_text=false&amp;width=560\" class=\"c7\" width=\"560\">[embedded content]<\/iframe><\/p>\n<p class=\"c6\">\u00a0<\/p>\n<p class=\"c8\"><strong>Kenza SIFI<\/strong><\/p>\n<\/div>\n<p>Auteur:<br \/>\n<a href=\"https:\/\/www.liberte-algerie.com\/actualite\/hanoune-denonce-une-operation-criminelle-contre-le-pt-356584\">Cliquez ici pour lire l&rsquo;article depuis sa source.<\/a><\/p>\n","protected":false},"excerpt":{"rendered":"<p>La secr\u00e9taire g\u00e9n\u00e9rale du parti des travailleurs (PT), Louisa Hanoune, a d\u00e9nonc\u00e9, ce samedi, la tenue de la r\u00e9union organis\u00e9e, ce matin, \u00e0 l\u2019h\u00f4tel Mazafran (Z\u00e9ralda), par des personnes \u00ab \u00e9trang\u00e8res au parti \u00bb, qu&rsquo;elle qualifie de \u00ab ramassis \u00bb, et qui ont annonc\u00e9 sa destitution. \u00ab Les participants \u00e0 cette r\u00e9union n\u2019ont aucune relation [&hellip;]<\/p>\n","protected":false},"author":1742,"featured_media":0,"comment_status":"closed","ping_status":"closed","sticky":false,"template":"","format":"standard","meta":{"fifu_image_url":"","fifu_image_alt":"","footnotes":""},"categories":[73,53],"tags":[],"class_list":["post-114236","post","type-post","status-publish","format-standard","hentry","category-actualite","category-algerie"],"_links":{"self":[{"href":"https:\/\/linitiative.ca\/International\/wp-json\/wp\/v2\/posts\/114236","targetHints":{"allow":["GET"]}}],"collection":[{"href":"https:\/\/linitiative.ca\/International\/wp-json\/wp\/v2\/posts"}],"about":[{"href":"https:\/\/linitiative.ca\/International\/wp-json\/wp\/v2\/types\/post"}],"author":[{"embeddable":true,"href":"https:\/\/linitiative.ca\/International\/wp-json\/wp\/v2\/users\/1742"}],"replies":[{"embeddable":true,"href":"https:\/\/linitiative.ca\/International\/wp-json\/wp\/v2\/comments?post=114236"}],"version-history":[{"count":0,"href":"https:\/\/linitiative.ca\/International\/wp-json\/wp\/v2\/posts\/114236\/revisions"}],"wp:attachment":[{"href":"https:\/\/linitiative.ca\/International\/wp-json\/wp\/v2\/media?parent=114236"}],"wp:term":[{"taxonomy":"category","embeddable":true,"href":"https:\/\/linitiative.ca\/International\/wp-json\/wp\/v2\/categories?post=114236"},{"taxonomy":"post_tag","embeddable":true,"href":"https:\/\/linitiative.ca\/International\/wp-json\/wp\/v2\/tags?post=114236"}],"curies":[{"name":"wp","href":"https:\/\/api.w.org\/{rel}","templated":true}]}}