{"id":114238,"date":"2021-04-02T16:04:51","date_gmt":"2021-04-02T20:04:51","guid":{"rendered":"https:\/\/linitiative.ca\/International\/atelier-sur-lesprit-dentrepreneuriat-chez-les-femmes\/"},"modified":"2021-04-02T16:04:51","modified_gmt":"2021-04-02T20:04:51","slug":"atelier-sur-lesprit-dentrepreneuriat-chez-les-femmes","status":"publish","type":"post","link":"https:\/\/linitiative.ca\/International\/atelier-sur-lesprit-dentrepreneuriat-chez-les-femmes\/","title":{"rendered":"Atelier sur l\u2019esprit d\u2019entrepreneuriat chez les femmes"},"content":{"rendered":"<div readability=\"36\">\n<p>Essaouira- Un atelier de sensibilisation sur le d\u00e9veloppement de l\u2019esprit d\u2019entrepreneuriat chez les femmes et la gouvernance au sein des coop\u00e9ratives a \u00e9t\u00e9 organis\u00e9, r\u00e9cemment \u00e0 Essaouira, \u00e0 l\u2019initiative de l\u2019association f\u00e9minine El Khir.<\/p>\n<\/div>\n<div readability=\"75\">\n<p>Cet atelier s\u2019inscrit dans le cadre des actions men\u00e9es par ladite association en vue de l\u2019accompagnement des femmes ayant b\u00e9n\u00e9fici\u00e9 d\u2019une formation professionnelle pour le renforcement de leurs capacit\u00e9s et le d\u00e9veloppement de leur esprit entrepreneurial, \u00e0 m\u00eame de les encourager \u00e0 la cr\u00e9ation d\u2019activit\u00e9s g\u00e9n\u00e9ratrices de revenus (AGR).<\/p>\n<p>Dans une d\u00e9claration \u00e0 la MAP, la coordinatrice de projets \u00e0 l\u2019association f\u00e9minine El Khir, Mme Souad Dibi, a indiqu\u00e9 que cet atelier visait \u00e0 sensibiliser les femmes quant \u00e0 l\u2019importance incontournable de promouvoir l\u2019esprit d\u2019initiative et d\u2019entrepreneuriat en tant que l\u2019une des modalit\u00e9s possibles d\u2019insertion dans le march\u00e9 du travail, et \u00e0 am\u00e9liorer leurs capacit\u00e9s entrepreneuriales et manag\u00e9riales, avec pour objectif de cr\u00e9er des AGR durables et p\u00e9rennes.<\/p>\n<p>Il tendait aussi \u00e0 outiller au mieux ces femmes pour la gestion des diff\u00e9rentes probl\u00e9matiques auxquelles elles pourront \u00eatre confront\u00e9es dans le domaine d\u2019emploi, a-t-elle ajout\u00e9.<\/p>\n<p>Cette rencontre, a-t-elle expliqu\u00e9, ambitionnait ainsi d\u2019accompagner ces femmes dans la cr\u00e9ation d\u2019AGR ou des coop\u00e9ratives, \u00e0 travers leur initiation \u00e0 la gestion administrative et financi\u00e8re, le d\u00e9veloppement et le renforcement de leurs capacit\u00e9s personnelles en vue d\u2019une meilleure insertion dans le march\u00e9 du travail.<\/p>\n<p>Elle s\u2019assignait pour principaux objectifs notamment d\u2019initier les participantes aux bonnes pratiques manag\u00e9riales, de renforcer leurs comp\u00e9tences, surtout en cette p\u00e9riode de crise sanitaire induite par la propagation de la Covid-19, de booster leur esprit de leadership et de d\u00e9velopper leurs capacit\u00e9s communicationnelles et de gestion, a-t-elle encha\u00een\u00e9.<\/p>\n<p>Rappelant que l\u2019entrepreneuriat f\u00e9minin est devenu un v\u00e9ritable moteur de croissance, de cr\u00e9ation d\u2019emplois et de richesses pour une large frange de la soci\u00e9t\u00e9, Mme Dibi a pr\u00e9cis\u00e9 que l\u2019esprit d\u2019initiative et d\u2019entrepreneuriat offre \u00e0 plusieurs femmes de la province d\u2019Essaouira\u00a0l\u2019opportunit\u00e9 de pers\u00e9v\u00e9rer sur la voie de leur \u00e9mancipation et de leur inclusion sur le plan socio-\u00e9conomique.<\/p>\n<\/div>\n<p>Auteur: Mohammed KOURSI<br \/>\n<a href=\"http:\/\/www.mapmarrakech.ma\/fr\/atelier-sur-lesprit-dentrepreneuriat-chez-les-femmes\/\">Cliquez ici pour lire l&rsquo;article depuis sa source.<\/a><\/p>\n","protected":false},"excerpt":{"rendered":"<p>Essaouira- Un atelier de sensibilisation sur le d\u00e9veloppement de l\u2019esprit d\u2019entrepreneuriat chez les femmes et la gouvernance au sein des coop\u00e9ratives a \u00e9t\u00e9 organis\u00e9, r\u00e9cemment \u00e0 Essaouira, \u00e0 l\u2019initiative de l\u2019association f\u00e9minine El Khir. Cet atelier s\u2019inscrit dans le cadre des actions men\u00e9es par ladite association en vue de l\u2019accompagnement des femmes ayant b\u00e9n\u00e9fici\u00e9 d\u2019une [&hellip;]<\/p>\n","protected":false},"author":1788,"featured_media":0,"comment_status":"closed","ping_status":"closed","sticky":false,"template":"","format":"standard","meta":{"fifu_image_url":"","fifu_image_alt":"","footnotes":""},"categories":[54,76],"tags":[],"class_list":["post-114238","post","type-post","status-publish","format-standard","hentry","category-maroc","category-regions"],"_links":{"self":[{"href":"https:\/\/linitiative.ca\/International\/wp-json\/wp\/v2\/posts\/114238","targetHints":{"allow":["GET"]}}],"collection":[{"href":"https:\/\/linitiative.ca\/International\/wp-json\/wp\/v2\/posts"}],"about":[{"href":"https:\/\/linitiative.ca\/International\/wp-json\/wp\/v2\/types\/post"}],"author":[{"embeddable":true,"href":"https:\/\/linitiative.ca\/International\/wp-json\/wp\/v2\/users\/1788"}],"replies":[{"embeddable":true,"href":"https:\/\/linitiative.ca\/International\/wp-json\/wp\/v2\/comments?post=114238"}],"version-history":[{"count":0,"href":"https:\/\/linitiative.ca\/International\/wp-json\/wp\/v2\/posts\/114238\/revisions"}],"wp:attachment":[{"href":"https:\/\/linitiative.ca\/International\/wp-json\/wp\/v2\/media?parent=114238"}],"wp:term":[{"taxonomy":"category","embeddable":true,"href":"https:\/\/linitiative.ca\/International\/wp-json\/wp\/v2\/categories?post=114238"},{"taxonomy":"post_tag","embeddable":true,"href":"https:\/\/linitiative.ca\/International\/wp-json\/wp\/v2\/tags?post=114238"}],"curies":[{"name":"wp","href":"https:\/\/api.w.org\/{rel}","templated":true}]}}