{"id":114239,"date":"2021-04-02T18:40:29","date_gmt":"2021-04-02T22:40:29","guid":{"rendered":"https:\/\/linitiative.ca\/International\/nouvelle-publication-sur-le-concept-de-la-campagne\/"},"modified":"2021-04-02T18:40:29","modified_gmt":"2021-04-02T22:40:29","slug":"nouvelle-publication-sur-le-concept-de-la-campagne","status":"publish","type":"post","link":"https:\/\/linitiative.ca\/International\/nouvelle-publication-sur-le-concept-de-la-campagne\/","title":{"rendered":"Nouvelle publication sur le concept de \u00ab\u00a0la campagne\u00a0\u00bb"},"content":{"rendered":"<div readability=\"38\">\n<p>Marrakech- \u00ab\u00a0La campagne dans la litt\u00e9rature arabe et africaine\u00a0\u00bb est le nouveau titre d\u2019un ouvrage collectif, qui vient d\u2019\u00eatre publi\u00e9 par l\u2019association Annajah pour le d\u00e9veloppement social, en coordination avec les \u00e9ditions Afaq pour les Etudes, l\u2019Edition et la Communication \u00e0 Marrakech.<\/p>\n<\/div>\n<div readability=\"90\">\n<p>Cette publication, dont la coordination a \u00e9t\u00e9 confi\u00e9e au Dr. Khouna Maa El Ainine, r\u00e9unit le bilan des conf\u00e9rences pr\u00e9sent\u00e9es dans le cadre de la 11\u00e8 \u00e9dition du Forum Litt\u00e9raire de La\u00e2youne (\u00e9dition du cheikh Mo\u1e25amed al-Mami ben al-Bukhari), hautement accueillies par les sp\u00e9cialistes et chercheurs concern\u00e9s par la question de la campagne tant aux niveaux national qu\u2019international.<\/p>\n<p>\u00ab\u00a0La campagne en tant qu\u2019espace naturel et culturel, repr\u00e9sente la caract\u00e9ristique fondamentale des soci\u00e9t\u00e9s arabes et africaines\u00a0\u00bb, selon le pr\u00e9facier de cet ouvrage, Dr. Moulay Ahmed El Kamoune, qui note qu\u2019en d\u00e9pit des aspects de la vie citadine et de \u00ab\u00a0la nouvelle civilisation\u00a0\u00bb incarn\u00e9s par les infrastructures (r\u00e9seau de t\u00e9l\u00e9communication, transport, extension urbanistique, cr\u00e9ation de centres de sant\u00e9 \u2026.), la transition du mode de vie campagnarde vers un autre citadin dans les pays arabes et africains ne s\u2019est pas faite de mani\u00e8re \u00ab\u00a0saine et naturelle\u00a0\u00bb, car cette transition n\u2019a pas \u00e9t\u00e9 accompagn\u00e9e d\u2019une \u00e9volution historique au niveau des structures mentales.<\/p>\n<p>Cette \u00ab\u00a0\u00e9volution forc\u00e9e\u00a0\u00bb, ajoute l\u2019acad\u00e9micien, a engendr\u00e9 une dualit\u00e9 au niveau de la pens\u00e9e et du comportement et au niveau social entre des \u00e9lites adoptant des mod\u00e8les de civilisation import\u00e9s, et une large frange de la soci\u00e9t\u00e9 qui n\u2019arrive pas encore \u00e0 se d\u00e9barrasser des \u00a0\u00bb traits et signes de la vie campagnarde\u00a0\u00bb m\u00eame si elle vit dans des villes, qui offrent toutes les conditions du bien-\u00eatre et du confort.<\/p>\n<p>Ainsi, Cet opus pr\u00e9sente au lecteur, les diff\u00e9rentes approches sur la campagne en s\u2019inspirant de moult champs scientifiques, tels que la sociologie, l\u2019anthropologie, la linguistique, la litt\u00e9rature, l\u2019histoire et la th\u00e9ologie.<\/p>\n<p>Cet ouvrage pr\u00e9sente aussi plusieurs \u00e9tudes acad\u00e9miques ayant trait\u00e9 au concept de la campagne dans la pens\u00e9e du cheikh Mohamed Mami Ben Boukhari.<\/p>\n<p>En outre, la publication met en exergue les \u00e9tudes portant sur la cr\u00e9ation po\u00e9tique et litt\u00e9raire dans \u00ab\u00a0la campagne sahraouie\u00a0\u00bb tout en mettant l\u2019accent sur les aspects historiques et sociaux accompagnant cette campagne et qui atteste de la profondeur des relations liant le Maroc et les autres pays africains.<\/p>\n<p>Outre la campagne marocaine et africaine, cet ouvrage transporte le lecteur dans un voyage vers la campagne orientale arabe, \u00e0 travers des \u00e9tudes r\u00e9alis\u00e9es par une pl\u00e9iade de chercheurs jordaniens, qui ont permis de comprendre les points de rencontre entre la campagne dans ce pays arabe fr\u00e8re et celle du Maroc notamment, les provinces du Sud du Royaume.<\/p>\n<\/div>\n<p>Auteur: Mohammed KOURSI<br \/>\n<a href=\"http:\/\/www.mapmarrakech.ma\/fr\/nouvelle-publication-sur-le-concept-de-la-campagne\/\">Cliquez ici pour lire l&rsquo;article depuis sa source.<\/a><\/p>\n","protected":false},"excerpt":{"rendered":"<p>Marrakech- \u00ab\u00a0La campagne dans la litt\u00e9rature arabe et africaine\u00a0\u00bb est le nouveau titre d\u2019un ouvrage collectif, qui vient d\u2019\u00eatre publi\u00e9 par l\u2019association Annajah pour le d\u00e9veloppement social, en coordination avec les \u00e9ditions Afaq pour les Etudes, l\u2019Edition et la Communication \u00e0 Marrakech. Cette publication, dont la coordination a \u00e9t\u00e9 confi\u00e9e au Dr. Khouna Maa El [&hellip;]<\/p>\n","protected":false},"author":1788,"featured_media":0,"comment_status":"closed","ping_status":"closed","sticky":false,"template":"","format":"standard","meta":{"fifu_image_url":"","fifu_image_alt":"","footnotes":""},"categories":[54,76],"tags":[],"class_list":["post-114239","post","type-post","status-publish","format-standard","hentry","category-maroc","category-regions"],"_links":{"self":[{"href":"https:\/\/linitiative.ca\/International\/wp-json\/wp\/v2\/posts\/114239","targetHints":{"allow":["GET"]}}],"collection":[{"href":"https:\/\/linitiative.ca\/International\/wp-json\/wp\/v2\/posts"}],"about":[{"href":"https:\/\/linitiative.ca\/International\/wp-json\/wp\/v2\/types\/post"}],"author":[{"embeddable":true,"href":"https:\/\/linitiative.ca\/International\/wp-json\/wp\/v2\/users\/1788"}],"replies":[{"embeddable":true,"href":"https:\/\/linitiative.ca\/International\/wp-json\/wp\/v2\/comments?post=114239"}],"version-history":[{"count":0,"href":"https:\/\/linitiative.ca\/International\/wp-json\/wp\/v2\/posts\/114239\/revisions"}],"wp:attachment":[{"href":"https:\/\/linitiative.ca\/International\/wp-json\/wp\/v2\/media?parent=114239"}],"wp:term":[{"taxonomy":"category","embeddable":true,"href":"https:\/\/linitiative.ca\/International\/wp-json\/wp\/v2\/categories?post=114239"},{"taxonomy":"post_tag","embeddable":true,"href":"https:\/\/linitiative.ca\/International\/wp-json\/wp\/v2\/tags?post=114239"}],"curies":[{"name":"wp","href":"https:\/\/api.w.org\/{rel}","templated":true}]}}