{"id":114241,"date":"2021-04-03T12:45:01","date_gmt":"2021-04-03T16:45:01","guid":{"rendered":"https:\/\/linitiative.ca\/International\/les-oeuvres-artistiques-de-luc-lavandier-sous-les-projecteurs\/"},"modified":"2021-04-03T12:45:01","modified_gmt":"2021-04-03T16:45:01","slug":"les-oeuvres-artistiques-de-luc-lavandier-sous-les-projecteurs","status":"publish","type":"post","link":"https:\/\/linitiative.ca\/International\/les-oeuvres-artistiques-de-luc-lavandier-sous-les-projecteurs\/","title":{"rendered":"Les \u0153uvres artistiques de Luc Lavandier sous les projecteurs"},"content":{"rendered":"<div readability=\"37\">\n<p>Essaouira- Les \u0153uvres singuli\u00e8res de l\u2019artiste et dessinateur fran\u00e7ais, Luc Lavandier, sont actuellement sous le feu des projecteurs \u00e0 Essaouira, \u00e0 l\u2019occasion d\u2019une exposition in\u00e9dite qui se d\u00e9roule \u00e0 l\u2019Espace embl\u00e9matique \u00ab\u00a0Dar Souiri\u00a0\u00bb.<\/p>\n<\/div>\n<div readability=\"134\">\n<p>Initi\u00e9e sous le th\u00e8me \u00ab\u00a0Hamdoulilah\u00a0\u00bb, cette exposition, qui se poursuit jusqu\u2019au 10 avril, se veut une invitation \u00e0 l\u2019adresse des passionn\u00e9s de l\u2019art du dessin pour une plong\u00e9e exceptionnelle dans l\u2019univers personnel et sans fronti\u00e8res de Luc Lavandier, afin d\u2019admirer le style cr\u00e9atif et le travail original propre \u00e0 cet artiste, n\u00e9 le 29 septembre 1965 \u00e0 Bourges, et \u00e9tabli depuis six ann\u00e9es dans la Cit\u00e9 des Aliz\u00e9s.<\/p>\n<p>Organis\u00e9e par l\u2019Association\u00a0Essaouira-Mogador dans le strict respect des mesures pr\u00e9ventives et de pr\u00e9caution pour enrayer la propagation de la pand\u00e9mie de la Covid-19, cette manifestation met ainsi \u00e0 l\u2019honneur une collection de dessins joliment r\u00e9alis\u00e9s avec d\u00e9licatesse \u00e0 l\u2019encre de Chine par M. Lavandier, \u00e9galement \u00e9crivain et ancien acteur de cin\u00e9ma et de t\u00e9l\u00e9vision.<\/p>\n<p>Ces dessins en noir et blanc, qui tr\u00f4nent sur les cimaises de la salle d\u2019exposition \u00ab\u00a0Tayeb Seddiki\u00a0\u00bb, offrent aux visiteurs l\u2019opportunit\u00e9 de partir \u00e0 la d\u00e9couverte du monde imaginaire de cet autodidacte passionn\u00e9 et tr\u00e8s inspir\u00e9, ainsi que la joie d\u2019appr\u00e9cier, \u00e0 sa juste valeur, la grande minutie et dext\u00e9rit\u00e9, la sensibilit\u00e9 cr\u00e9ative et la subtilit\u00e9 expressive de cet artiste qui porte un grand soin au moindre d\u00e9tail lors de la r\u00e9alisation de chacun de ses croquis extraordinaires.<\/p>\n<p>Savamment travaill\u00e9s, ces \u0153uvres dessin\u00e9es, marqu\u00e9es par une grande finesse et un alignement harmonieux des traits et des formes, dont Luc Lavandier d\u00e9tient lui seul le secret, refl\u00e8tent aussi le talent incontestable et l\u2019imagination sans entraves de cet artiste, ainsi que cette passion d\u00e9bordante qui l\u2019habite, \u00e0 m\u00eame de laisser libre cours \u00e0 cette sensibilit\u00e9 artistique tr\u00e8s manifeste \u00e0 travers le style et la technique d\u2019expression qui lui sont propres.<\/p>\n<p>\u00ab\u00a0La vraie lumi\u00e8re est spirituelle dans l\u2019ombre de la ligne. Dans le silence de la courbe elle s\u2019est abandonn\u00e9e\u00a0\u00bb, souligne, d\u2019ailleurs, Luc Lavandier dans une note de pr\u00e9sentation de cette exposition.<\/p>\n<p>\u00ab\u00a0Mon travail ne correspond \u00e0 aucune mode ou demande du march\u00e9 de l\u2019art actuel. Je ne fais rien d\u2019\u00e9v\u00e9nementiel et mes dessins ne sont pas le reflet de mes douleurs ou de mes p\u00e9r\u00e9grinations m\u00e9taphysiques ou existentielles. Ils ne sont que la retranscription subjective du plaisir que les femmes, la nature et la spiritualit\u00e9 m\u2019accordent\u00a0\u00bb, soutient-il.<\/p>\n<p>En effet, ces trois \u00e9l\u00e9ments, qui font partie de son univers artistique, sont omnipr\u00e9sents et visibles \u00e0 travers les \u0153uvres expos\u00e9es : des temples ou des mosqu\u00e9es, des visages ou des corps de femmes, ou des paysages naturels qui repr\u00e9sentent la faune et la flore, entre autres.<\/p>\n<p>Dans une d\u00e9claration \u00e0 la MAP \u00e0 cette occasion, M. Lavandier, qui a d\u00e9j\u00e0 expos\u00e9 dans de nombreuses galeries \u00e0 l\u2019\u00e9tranger et particip\u00e9 \u00e0 plusieurs manifestations artistiques, a fait part de sa profonde joie de l\u2019organisation de cette exposition dans la ville d\u2019Essaouira, Cit\u00e9 des arts et de la culture par excellence, malgr\u00e9 un contexte particulier marqu\u00e9 par cette crise sanitaire induite par la propagation de la Covid-19.<\/p>\n<p>M. Lavandier, qui a pass\u00e9 une partie de son enfance en C\u00f4te d\u2019Ivoire avant de rentrer en France \u00e0 l\u2019\u00e2ge de 9 ans, a rappel\u00e9 avoir commenc\u00e9 \u00e0 dessiner depuis une quinzaine d\u2019ann\u00e9es. \u00ab\u00a0J\u2019ai commenc\u00e9 par dessiner mon chien. Les chiens voient en noir et blanc. Donc, j\u2019ai d\u00e9cid\u00e9 moi aussi de dessiner en noir et blanc\u00a0\u00bb, a-t-il pr\u00e9cis\u00e9.<\/p>\n<p>\u00ab\u00a0Avec la transformation de mon cerveau, cela donne ces dessins en noir et blanc r\u00e9alis\u00e9s avec grande finesse et douceur\u00a0\u00bb, a-t-il dit.<\/p>\n<p>Evoquant le Maroc, M. Lavandier a pr\u00e9cis\u00e9 \u00eatre parti \u00e0 la rencontre de ce pays depuis six ann\u00e9es d\u00e9j\u00e0. \u00ab\u00a0Dans ce Royaume, j\u2019ai rencontr\u00e9 l\u2019Islam, la douceur, la gentillesse, la tol\u00e9rance et je me suis mis \u00e0 dessiner ce que je voyais ici\u00a0\u00bb, a-t-il fait remarquer.<\/p>\n<p>\u00ab\u00a0Je n\u2019essaie de choquer personne \u00e0 travers mes dessins : C\u2019est toujours joyeux. Ce n\u2019est jamais triste. Ce ne sont pas mes probl\u00e8mes m\u00e9taphysiques que j\u2019\u00e9tale ou expose \u00e0 travers mes \u0153uvres dessin\u00e9es, mais c\u2019est plut\u00f4t de la joie et du bonheur\u00a0\u00bb, a conclu M. Lavandier.<\/p>\n<\/div>\n<p>Auteur: Mohammed KOURSI<br \/>\n<a href=\"http:\/\/www.mapmarrakech.ma\/fr\/les-oeuvres-artistiques-de-luc-lavandier-sous-les-projecteurs\/\">Cliquez ici pour lire l&rsquo;article depuis sa source.<\/a><\/p>\n","protected":false},"excerpt":{"rendered":"<p>Essaouira- Les \u0153uvres singuli\u00e8res de l\u2019artiste et dessinateur fran\u00e7ais, Luc Lavandier, sont actuellement sous le feu des projecteurs \u00e0 Essaouira, \u00e0 l\u2019occasion d\u2019une exposition in\u00e9dite qui se d\u00e9roule \u00e0 l\u2019Espace embl\u00e9matique \u00ab\u00a0Dar Souiri\u00a0\u00bb. Initi\u00e9e sous le th\u00e8me \u00ab\u00a0Hamdoulilah\u00a0\u00bb, cette exposition, qui se poursuit jusqu\u2019au 10 avril, se veut une invitation \u00e0 l\u2019adresse des passionn\u00e9s de [&hellip;]<\/p>\n","protected":false},"author":1788,"featured_media":0,"comment_status":"closed","ping_status":"closed","sticky":false,"template":"","format":"standard","meta":{"fifu_image_url":"","fifu_image_alt":"","footnotes":""},"categories":[54,76],"tags":[],"class_list":["post-114241","post","type-post","status-publish","format-standard","hentry","category-maroc","category-regions"],"_links":{"self":[{"href":"https:\/\/linitiative.ca\/International\/wp-json\/wp\/v2\/posts\/114241","targetHints":{"allow":["GET"]}}],"collection":[{"href":"https:\/\/linitiative.ca\/International\/wp-json\/wp\/v2\/posts"}],"about":[{"href":"https:\/\/linitiative.ca\/International\/wp-json\/wp\/v2\/types\/post"}],"author":[{"embeddable":true,"href":"https:\/\/linitiative.ca\/International\/wp-json\/wp\/v2\/users\/1788"}],"replies":[{"embeddable":true,"href":"https:\/\/linitiative.ca\/International\/wp-json\/wp\/v2\/comments?post=114241"}],"version-history":[{"count":0,"href":"https:\/\/linitiative.ca\/International\/wp-json\/wp\/v2\/posts\/114241\/revisions"}],"wp:attachment":[{"href":"https:\/\/linitiative.ca\/International\/wp-json\/wp\/v2\/media?parent=114241"}],"wp:term":[{"taxonomy":"category","embeddable":true,"href":"https:\/\/linitiative.ca\/International\/wp-json\/wp\/v2\/categories?post=114241"},{"taxonomy":"post_tag","embeddable":true,"href":"https:\/\/linitiative.ca\/International\/wp-json\/wp\/v2\/tags?post=114241"}],"curies":[{"name":"wp","href":"https:\/\/api.w.org\/{rel}","templated":true}]}}