{"id":114242,"date":"2021-04-03T14:17:34","date_gmt":"2021-04-03T18:17:34","guid":{"rendered":"https:\/\/linitiative.ca\/International\/575-nouveaux-cas-plus-de-434-millions-vaccines\/"},"modified":"2021-04-03T14:17:34","modified_gmt":"2021-04-03T18:17:34","slug":"575-nouveaux-cas-plus-de-434-millions-vaccines","status":"publish","type":"post","link":"https:\/\/linitiative.ca\/International\/575-nouveaux-cas-plus-de-434-millions-vaccines\/","title":{"rendered":"575 nouveaux cas, plus de 4,34 millions vaccin\u00e9s"},"content":{"rendered":"<div readability=\"34\">\n<p>Un total de 575 nouveaux cas d\u2019infection au coronavirus et de 569 gu\u00e9risons a \u00e9t\u00e9 enregistr\u00e9 au cours des derni\u00e8res 24 heures au Maroc, a annonc\u00e9 samedi le minist\u00e8re de la Sant\u00e9.<\/p>\n<\/div>\n<div readability=\"75\">\n<p>Le nombre des personnes vaccin\u00e9es \u00e0 ce jour (dose 1) a atteint 4.348.995, alors que 3.891.875 ont re\u00e7u la deuxi\u00e8me dose du vaccin, pr\u00e9cise le minist\u00e8re dans son bulletin quotidien sur la situation de la Covid-19.<\/p>\n<p>Ce nouveau bilan porte \u00e0 497.832\u00a0 le nombre total des contaminations depuis le premier cas signal\u00e9 en mars 2020. Le nombre des personnes r\u00e9tablies est pass\u00e9 \u00e0 484.793, soit un taux de gu\u00e9rison de 97,4%.<\/p>\n<p>Quant au nombre total des d\u00e9c\u00e8s, il est pass\u00e9 \u00e0 8.842, avec 7\u00a0nouveaux cas recens\u00e9s en 24 heures, soit un taux de l\u00e9talit\u00e9 de 1,8%.\u00a0Ces d\u00e9c\u00e8s ont \u00e9t\u00e9 enregistr\u00e9s dans les r\u00e9gions de\u00a0Marrakech-Safi (2),\u00a0Casablanca-Settat (1),\u00a0Rabat-Sal\u00e9-K\u00e9nitra (1),\u00a0Souss-Massa (1), La\u00e2youne-Sakia El Hamra (1) et\u00a0l\u2019Oriental (1).<\/p>\n<p>Les nouvelles contaminations ont \u00e9t\u00e9 recens\u00e9es dans les r\u00e9gions de\u00a0Casablanca-Settat (405), Rabat-Sal\u00e9-K\u00e9nitra (62),\u00a0Marrakech-Safi (26), Tanger-T\u00e9touan-Al Hoceima (17),\u00a0l\u2019Oriental (15),\u00a0\u00a0Souss-Massa (13), Dr\u00e2a-Tafilalet (11), F\u00e8s-Mekn\u00e8s (7),\u00a0Dakhla-Oued Eddahab (6),\u00a0B\u00e9ni Mellal-Kh\u00e9nifra (5),\u00a0\u00a0La\u00e2youne-Sakia El Hamra (5)\u00a0et Guelmim-Oued Noun (3).<\/p>\n<p>Le nombre des cas actifs s\u2019\u00e9l\u00e8ve \u00e0\u00a04.197, tandis que les cas s\u00e9v\u00e8res ou critiques sont au nombre de\u00a0419, dont\u00a019 plac\u00e9s sous intubation.<\/p>\n<\/div>\n<p>Auteur: Mohammed KOURSI<br \/>\n<a href=\"http:\/\/www.mapmarrakech.ma\/fr\/575-nouveaux-cas-plus-de-434-millions-vaccines\/\">Cliquez ici pour lire l&rsquo;article depuis sa source.<\/a><\/p>\n","protected":false},"excerpt":{"rendered":"<p>Un total de 575 nouveaux cas d\u2019infection au coronavirus et de 569 gu\u00e9risons a \u00e9t\u00e9 enregistr\u00e9 au cours des derni\u00e8res 24 heures au Maroc, a annonc\u00e9 samedi le minist\u00e8re de la Sant\u00e9. Le nombre des personnes vaccin\u00e9es \u00e0 ce jour (dose 1) a atteint 4.348.995, alors que 3.891.875 ont re\u00e7u la deuxi\u00e8me dose du vaccin, [&hellip;]<\/p>\n","protected":false},"author":1788,"featured_media":0,"comment_status":"closed","ping_status":"closed","sticky":false,"template":"","format":"standard","meta":{"fifu_image_url":"","fifu_image_alt":"","footnotes":""},"categories":[54,76],"tags":[],"class_list":["post-114242","post","type-post","status-publish","format-standard","hentry","category-maroc","category-regions"],"_links":{"self":[{"href":"https:\/\/linitiative.ca\/International\/wp-json\/wp\/v2\/posts\/114242","targetHints":{"allow":["GET"]}}],"collection":[{"href":"https:\/\/linitiative.ca\/International\/wp-json\/wp\/v2\/posts"}],"about":[{"href":"https:\/\/linitiative.ca\/International\/wp-json\/wp\/v2\/types\/post"}],"author":[{"embeddable":true,"href":"https:\/\/linitiative.ca\/International\/wp-json\/wp\/v2\/users\/1788"}],"replies":[{"embeddable":true,"href":"https:\/\/linitiative.ca\/International\/wp-json\/wp\/v2\/comments?post=114242"}],"version-history":[{"count":0,"href":"https:\/\/linitiative.ca\/International\/wp-json\/wp\/v2\/posts\/114242\/revisions"}],"wp:attachment":[{"href":"https:\/\/linitiative.ca\/International\/wp-json\/wp\/v2\/media?parent=114242"}],"wp:term":[{"taxonomy":"category","embeddable":true,"href":"https:\/\/linitiative.ca\/International\/wp-json\/wp\/v2\/categories?post=114242"},{"taxonomy":"post_tag","embeddable":true,"href":"https:\/\/linitiative.ca\/International\/wp-json\/wp\/v2\/tags?post=114242"}],"curies":[{"name":"wp","href":"https:\/\/api.w.org\/{rel}","templated":true}]}}