{"id":114245,"date":"2021-04-03T11:23:33","date_gmt":"2021-04-03T15:23:33","guid":{"rendered":"https:\/\/linitiative.ca\/International\/la-chaine-dinformation-m24-une-composante-principale-de-la-scene-audiovisuelle-marocaine\/"},"modified":"2021-04-03T11:23:33","modified_gmt":"2021-04-03T15:23:33","slug":"la-chaine-dinformation-m24-une-composante-principale-de-la-scene-audiovisuelle-marocaine","status":"publish","type":"post","link":"https:\/\/linitiative.ca\/International\/la-chaine-dinformation-m24-une-composante-principale-de-la-scene-audiovisuelle-marocaine\/","title":{"rendered":"La cha\u00eene d\u2019information (M24), une composante principale de la sc\u00e8ne audiovisuelle marocaine"},"content":{"rendered":"<p class=\"c4\">La cha\u00eene d\u2019information continue de la MAP (M24) est devenue une composante principale de la sc\u00e8ne m\u00e9diatique audiovisuelle marocaine, a affirm\u00e9, vendredi \u00e0 Tanger, le pr\u00e9sident de la F\u00e9d\u00e9ration marocaine des \u00e9diteurs de journaux (FMEJ), Noureddine Miftah.<\/p>\n<p class=\"c4\">L\u2019hommage rendu \u00e0 la cha\u00eene d\u2019information M24 est un encouragement pour que la cha\u00eene poursuive son travail continu et renouvel\u00e9, a-t-il pr\u00e9cis\u00e9 dans une d\u00e9claration \u00e0 M24, \u00e0 l\u2019occasion de l\u2019hommage rendu par la FMEJ aux directeurs de l\u2019information des cha\u00eenes marocaines, en marge de la tenue de l\u2019Assembl\u00e9e g\u00e9n\u00e9rale constitutive de la section de la F\u00e9d\u00e9ration dans la r\u00e9gion de Tanger-T\u00e9touan-Al Hoceima.<\/p>\n<p class=\"c4\">Le Maroc avait grandement besoin d\u2019une cha\u00eene d\u2019information marocaine comme M24 pour concurrencer les cha\u00eenes d\u2019information \u00e9trang\u00e8res, a-t-il ajout\u00e9, notant qu\u2019il s\u2019agit de l\u2019orientation trac\u00e9e par le Directeur g\u00e9n\u00e9ral de la MAP, M. Khalil Hachimi Idrissi, qui a permis \u00e0 la MAP de devenir un p\u00f4le m\u00e9diatique et une agence multim\u00e9dia tourn\u00e9e vers l\u2019avenir.<\/p>\n<p class=\"c4\">Pour sa part, Mohamed Abderrahmane Berrada, membre du Conseil f\u00e9d\u00e9ral, a salu\u00e9 les efforts d\u00e9ploy\u00e9s par la MAP pour promouvoir la presse et les m\u00e9dias marocains, \u00e0 m\u00eame d\u2019atteindre un niveau distingu\u00e9 et de s\u2019ouvrir aux diff\u00e9rents supports, faisant savoir que la MAP est pr\u00e9curseur en tout ce qui contribue au d\u00e9veloppement de la presse nationale, et que les d\u00e9buts prometteurs de sa cha\u00eene M24 n\u2019en sont que la preuve.<\/p>\n<p class=\"c4\">Il est \u00e0 noter que la FMEJ a rendu hommage, \u00e0 cette occasion, aux directeurs de l\u2019information des cha\u00eenes \u00ab\u00a0Al Oula\u00a0\u00bb, \u201c2M\u201d, \u201cMedi1TV\u201d et la cha\u00eene d\u2019information continue M24, en reconnaissance de leurs efforts et contributions dans la sc\u00e8ne m\u00e9diatique nationale, et ce lors d\u2019une c\u00e9r\u00e9monie \u00e0 laquelle ont pris part des professionnels des m\u00e9dias, des \u00e9diteurs et des responsables de m\u00e9dias r\u00e9gionaux et nationaux.<\/p>\n<p>Auteur: Soufiane ELAHMAR<br \/>\n<a href=\"http:\/\/www.mapoujda.ma\/fr\/la-chaine-dinformation-m24-une-composante-principale-de-la-scene-audiovisuelle-marocaine\/\">Cliquez ici pour lire l&rsquo;article depuis sa source.<\/a><\/p>\n","protected":false},"excerpt":{"rendered":"<p>La cha\u00eene d\u2019information continue de la MAP (M24) est devenue une composante principale de la sc\u00e8ne m\u00e9diatique audiovisuelle marocaine, a affirm\u00e9, vendredi \u00e0 Tanger, le pr\u00e9sident de la F\u00e9d\u00e9ration marocaine des \u00e9diteurs de journaux (FMEJ), Noureddine Miftah. L\u2019hommage rendu \u00e0 la cha\u00eene d\u2019information M24 est un encouragement pour que la cha\u00eene poursuive son travail continu [&hellip;]<\/p>\n","protected":false},"author":1788,"featured_media":0,"comment_status":"closed","ping_status":"closed","sticky":false,"template":"","format":"standard","meta":{"fifu_image_url":"","fifu_image_alt":"","footnotes":""},"categories":[54,76],"tags":[],"class_list":["post-114245","post","type-post","status-publish","format-standard","hentry","category-maroc","category-regions"],"_links":{"self":[{"href":"https:\/\/linitiative.ca\/International\/wp-json\/wp\/v2\/posts\/114245","targetHints":{"allow":["GET"]}}],"collection":[{"href":"https:\/\/linitiative.ca\/International\/wp-json\/wp\/v2\/posts"}],"about":[{"href":"https:\/\/linitiative.ca\/International\/wp-json\/wp\/v2\/types\/post"}],"author":[{"embeddable":true,"href":"https:\/\/linitiative.ca\/International\/wp-json\/wp\/v2\/users\/1788"}],"replies":[{"embeddable":true,"href":"https:\/\/linitiative.ca\/International\/wp-json\/wp\/v2\/comments?post=114245"}],"version-history":[{"count":0,"href":"https:\/\/linitiative.ca\/International\/wp-json\/wp\/v2\/posts\/114245\/revisions"}],"wp:attachment":[{"href":"https:\/\/linitiative.ca\/International\/wp-json\/wp\/v2\/media?parent=114245"}],"wp:term":[{"taxonomy":"category","embeddable":true,"href":"https:\/\/linitiative.ca\/International\/wp-json\/wp\/v2\/categories?post=114245"},{"taxonomy":"post_tag","embeddable":true,"href":"https:\/\/linitiative.ca\/International\/wp-json\/wp\/v2\/tags?post=114245"}],"curies":[{"name":"wp","href":"https:\/\/api.w.org\/{rel}","templated":true}]}}