{"id":114251,"date":"2021-04-03T13:53:45","date_gmt":"2021-04-03T17:53:45","guid":{"rendered":"https:\/\/linitiative.ca\/International\/tanger-un-fqih-condamne-a-30-ans-de-reclusion-pour-attentat-a-la-pudeur\/"},"modified":"2021-04-03T13:53:45","modified_gmt":"2021-04-03T17:53:45","slug":"tanger-un-fqih-condamne-a-30-ans-de-reclusion-pour-attentat-a-la-pudeur","status":"publish","type":"post","link":"https:\/\/linitiative.ca\/International\/tanger-un-fqih-condamne-a-30-ans-de-reclusion-pour-attentat-a-la-pudeur\/","title":{"rendered":"Tanger : Un \u2018fqih\u2019 condamn\u00e9 \u00e0 30 ans de r\u00e9clusion pour attentat \u00e0 la pudeur"},"content":{"rendered":"<p class=\"rtejustify\">La chambre criminelle de premi\u00e8re instance pr\u00e8s la Cour d&rsquo;appel de Tanger a condamn\u00e9, jeudi, un fonctionnaire religieux, reconnu coupable d&rsquo;attentat \u00e0 la pudeur sur des mineures de moins de 18 ans, \u00e0 30 ans de prison ferme.<\/p>\n<p class=\"rtejustify\">L&rsquo;affaire remonte \u00e0 septembre dernier, lorsque la Gendarmerie royale avait arr\u00eat\u00e9 le mis en cause qui habitait dans un village de la commune de Melloussa (province de Fahs-Anjra), suite \u00e0 des plaintes d\u00e9pos\u00e9es par les familles des victimes.<\/p>\n<p class=\"rtejustify\"><em>A.A<\/em><\/p>\n<p>Auteur: mbasraoui<br \/>\n<a href=\"https:\/\/www.leconomiste.com\/flash-infos\/tanger-un-fqih-condamne-30-ans-de-reclusion-pour-attentat-la-pudeur\">Cliquez ici pour lire l&rsquo;article depuis sa source.<\/a><\/p>\n","protected":false},"excerpt":{"rendered":"<p>La chambre criminelle de premi\u00e8re instance pr\u00e8s la Cour d&rsquo;appel de Tanger a condamn\u00e9, jeudi, un fonctionnaire religieux, reconnu coupable d&rsquo;attentat \u00e0 la pudeur sur des mineures de moins de 18 ans, \u00e0 30 ans de prison ferme. L&rsquo;affaire remonte \u00e0 septembre dernier, lorsque la Gendarmerie royale avait arr\u00eat\u00e9 le mis en cause qui habitait [&hellip;]<\/p>\n","protected":false},"author":1763,"featured_media":0,"comment_status":"closed","ping_status":"closed","sticky":false,"template":"","format":"standard","meta":{"fifu_image_url":"","fifu_image_alt":"","footnotes":""},"categories":[78,54],"tags":[],"class_list":["post-114251","post","type-post","status-publish","format-standard","hentry","category-economie","category-maroc"],"_links":{"self":[{"href":"https:\/\/linitiative.ca\/International\/wp-json\/wp\/v2\/posts\/114251","targetHints":{"allow":["GET"]}}],"collection":[{"href":"https:\/\/linitiative.ca\/International\/wp-json\/wp\/v2\/posts"}],"about":[{"href":"https:\/\/linitiative.ca\/International\/wp-json\/wp\/v2\/types\/post"}],"author":[{"embeddable":true,"href":"https:\/\/linitiative.ca\/International\/wp-json\/wp\/v2\/users\/1763"}],"replies":[{"embeddable":true,"href":"https:\/\/linitiative.ca\/International\/wp-json\/wp\/v2\/comments?post=114251"}],"version-history":[{"count":0,"href":"https:\/\/linitiative.ca\/International\/wp-json\/wp\/v2\/posts\/114251\/revisions"}],"wp:attachment":[{"href":"https:\/\/linitiative.ca\/International\/wp-json\/wp\/v2\/media?parent=114251"}],"wp:term":[{"taxonomy":"category","embeddable":true,"href":"https:\/\/linitiative.ca\/International\/wp-json\/wp\/v2\/categories?post=114251"},{"taxonomy":"post_tag","embeddable":true,"href":"https:\/\/linitiative.ca\/International\/wp-json\/wp\/v2\/tags?post=114251"}],"curies":[{"name":"wp","href":"https:\/\/api.w.org\/{rel}","templated":true}]}}