{"id":114253,"date":"2021-04-03T15:14:06","date_gmt":"2021-04-03T19:14:06","guid":{"rendered":"https:\/\/linitiative.ca\/International\/pros-bensebaini-absent-face-a-fribourg\/"},"modified":"2021-04-03T15:14:06","modified_gmt":"2021-04-03T19:14:06","slug":"pros-bensebaini-absent-face-a-fribourg","status":"publish","type":"post","link":"https:\/\/linitiative.ca\/International\/pros-bensebaini-absent-face-a-fribourg\/","title":{"rendered":"Pros : Bensebaini absent face \u00e0 Fribourg"},"content":{"rendered":"<div readability=\"32\">\n<p>Auteur : <span>Riad Ouenzar<\/span> <span class=\"time\">samedi 03 avril 2021 15:22<\/span><\/p>\n<\/div>\n<div id=\"post_core\" readability=\"39\">\n<p>Le d\u00e9fenseur Alg\u00e9rien du Borussia M\u00f6nchengladbach, Ramy Bensebaini ne participera pas \u00e0 la prochaine rencontre de son \u00e9quipe face \u00e0 Fribourg pr\u00e9vue ce samedi en Bundesliga. Et pour cause, le joueur de l\u2019EN est suspendu pour ce match pour cumul de cartons. L\u2019absence de Bensebaini ce samedi constitue un v\u00e9ritable coup dur pour son \u00e9quipe lorsqu\u2019on connait son importance dans le onze du \u00a0de Borussia M\u00f6nchengladbach.<\/p>\n<p><span class=\"c2\"><strong>Riad Ouenzar\u00a0<\/strong><\/span><\/p>\n<p><strong>Publi\u00e9 dans :<\/strong> <span>Bensebaini<\/span><\/p>\n<\/div>\n<p>Auteur:<br \/>\n<a href=\"http:\/\/www.lebuteur.com\/article\/detail?titre=bensebaini-absent-face-a-fribourg&#038;id=99593&#038;utm_source=feedburner&#038;utm_medium=feed&#038;utm_campaign=Feed%3A+GalerieFArtciles+%28Les+derniers+articles++-+lebuteur.com%29\">Cliquez ici pour lire l&rsquo;article depuis sa source.<\/a><\/p>\n","protected":false},"excerpt":{"rendered":"<p>Auteur : Riad Ouenzar samedi 03 avril 2021 15:22 Le d\u00e9fenseur Alg\u00e9rien du Borussia M\u00f6nchengladbach, Ramy Bensebaini ne participera pas \u00e0 la prochaine rencontre de son \u00e9quipe face \u00e0 Fribourg pr\u00e9vue ce samedi en Bundesliga. Et pour cause, le joueur de l\u2019EN est suspendu pour ce match pour cumul de cartons. L\u2019absence de Bensebaini ce [&hellip;]<\/p>\n","protected":false},"author":1738,"featured_media":0,"comment_status":"closed","ping_status":"closed","sticky":false,"template":"","format":"standard","meta":{"fifu_image_url":"\/\/cdn.lebuteur.com\/data\/images\/article\/thumbs\/large-bensebaini-absent-face-a-fribourg-8d9bb.jpg","fifu_image_alt":"Pros : Bensebaini absent face \u00e0 Fribourg","footnotes":""},"categories":[53,75],"tags":[],"class_list":["post-114253","post","type-post","status-publish","format-standard","hentry","category-algerie","category-sport"],"_links":{"self":[{"href":"https:\/\/linitiative.ca\/International\/wp-json\/wp\/v2\/posts\/114253","targetHints":{"allow":["GET"]}}],"collection":[{"href":"https:\/\/linitiative.ca\/International\/wp-json\/wp\/v2\/posts"}],"about":[{"href":"https:\/\/linitiative.ca\/International\/wp-json\/wp\/v2\/types\/post"}],"author":[{"embeddable":true,"href":"https:\/\/linitiative.ca\/International\/wp-json\/wp\/v2\/users\/1738"}],"replies":[{"embeddable":true,"href":"https:\/\/linitiative.ca\/International\/wp-json\/wp\/v2\/comments?post=114253"}],"version-history":[{"count":0,"href":"https:\/\/linitiative.ca\/International\/wp-json\/wp\/v2\/posts\/114253\/revisions"}],"wp:attachment":[{"href":"https:\/\/linitiative.ca\/International\/wp-json\/wp\/v2\/media?parent=114253"}],"wp:term":[{"taxonomy":"category","embeddable":true,"href":"https:\/\/linitiative.ca\/International\/wp-json\/wp\/v2\/categories?post=114253"},{"taxonomy":"post_tag","embeddable":true,"href":"https:\/\/linitiative.ca\/International\/wp-json\/wp\/v2\/tags?post=114253"}],"curies":[{"name":"wp","href":"https:\/\/api.w.org\/{rel}","templated":true}]}}