{"id":114255,"date":"2021-04-03T15:14:09","date_gmt":"2021-04-03T19:14:09","guid":{"rendered":"https:\/\/linitiative.ca\/International\/pros-pellegrini-evoque-lavenir-de-mandi\/"},"modified":"2021-04-03T15:14:09","modified_gmt":"2021-04-03T19:14:09","slug":"pros-pellegrini-evoque-lavenir-de-mandi","status":"publish","type":"post","link":"https:\/\/linitiative.ca\/International\/pros-pellegrini-evoque-lavenir-de-mandi\/","title":{"rendered":"Pros : Pellegrini \u00e9voque l\u2019avenir de Mandi"},"content":{"rendered":"<div readability=\"32\">\n<p>Auteur : <span>Riad Ouenzar<\/span> <span class=\"time\">samedi 03 avril 2021 17:53<\/span><\/p>\n<\/div>\n<div id=\"post_core\" readability=\"42\">\n<p>En marge de sa conf\u00e9rence de presse d\u2019avant-match face \u00e0 Elche, l\u2019entra\u00eeneur du Real B\u00e9tis, Manuel Pellegrini a \u00e9voqu\u00e9 la situation de son joueur Alg\u00e9rien, A\u00efssa Mandi avec le club andalou\u00a0:\u00a0\u00abMandi souhaite rester au Real B\u00e9tis. Le club le consid\u00e9r\u00e9 comme une partie de son projet. C\u2019est pourquoi j\u2019estime qu\u2019un accord devrait \u00eatre trouv\u00e9 tr\u00e8s bient\u00f4t entre les deux parties.\u00bb a-t-il d\u00e9clar\u00e9. Convoit\u00e9 par plusieurs clubs europ\u00e9ens, dont l\u2019Inter Milan, Mandi devrait donc, selon son entra\u00eeneur, poursuivre l\u2019aventure avec le Real B\u00e9tis la saison prochaine.<\/p>\n<p><span class=\"c2\"><strong>Riad Ouenzar\u00a0<\/strong><\/span><\/p>\n<p><strong>Publi\u00e9 dans :<\/strong> <span>Mandi<\/span><\/p>\n<\/div>\n<p>Auteur:<br \/>\n<a href=\"http:\/\/www.lebuteur.com\/article\/detail?titre=pellegrini-evoque-lavenir-de-mandi&#038;id=99594&#038;utm_source=feedburner&#038;utm_medium=feed&#038;utm_campaign=Feed%3A+GalerieFArtciles+%28Les+derniers+articles++-+lebuteur.com%29\">Cliquez ici pour lire l&rsquo;article depuis sa source.<\/a><\/p>\n","protected":false},"excerpt":{"rendered":"<p>Auteur : Riad Ouenzar samedi 03 avril 2021 17:53 En marge de sa conf\u00e9rence de presse d\u2019avant-match face \u00e0 Elche, l\u2019entra\u00eeneur du Real B\u00e9tis, Manuel Pellegrini a \u00e9voqu\u00e9 la situation de son joueur Alg\u00e9rien, A\u00efssa Mandi avec le club andalou\u00a0:\u00a0\u00abMandi souhaite rester au Real B\u00e9tis. Le club le consid\u00e9r\u00e9 comme une partie de son projet. [&hellip;]<\/p>\n","protected":false},"author":1738,"featured_media":0,"comment_status":"closed","ping_status":"closed","sticky":false,"template":"","format":"standard","meta":{"fifu_image_url":"\/\/cdn.lebuteur.com\/data\/images\/article\/thumbs\/large-pellegrini-evoque-lavenir-de-mandi-f10f2.jpg","fifu_image_alt":"Pros : Pellegrini \u00e9voque l\u2019avenir de Mandi","footnotes":""},"categories":[53,75],"tags":[],"class_list":["post-114255","post","type-post","status-publish","format-standard","hentry","category-algerie","category-sport"],"_links":{"self":[{"href":"https:\/\/linitiative.ca\/International\/wp-json\/wp\/v2\/posts\/114255","targetHints":{"allow":["GET"]}}],"collection":[{"href":"https:\/\/linitiative.ca\/International\/wp-json\/wp\/v2\/posts"}],"about":[{"href":"https:\/\/linitiative.ca\/International\/wp-json\/wp\/v2\/types\/post"}],"author":[{"embeddable":true,"href":"https:\/\/linitiative.ca\/International\/wp-json\/wp\/v2\/users\/1738"}],"replies":[{"embeddable":true,"href":"https:\/\/linitiative.ca\/International\/wp-json\/wp\/v2\/comments?post=114255"}],"version-history":[{"count":0,"href":"https:\/\/linitiative.ca\/International\/wp-json\/wp\/v2\/posts\/114255\/revisions"}],"wp:attachment":[{"href":"https:\/\/linitiative.ca\/International\/wp-json\/wp\/v2\/media?parent=114255"}],"wp:term":[{"taxonomy":"category","embeddable":true,"href":"https:\/\/linitiative.ca\/International\/wp-json\/wp\/v2\/categories?post=114255"},{"taxonomy":"post_tag","embeddable":true,"href":"https:\/\/linitiative.ca\/International\/wp-json\/wp\/v2\/tags?post=114255"}],"curies":[{"name":"wp","href":"https:\/\/api.w.org\/{rel}","templated":true}]}}