{"id":114257,"date":"2021-04-03T15:49:51","date_gmt":"2021-04-03T19:49:51","guid":{"rendered":"https:\/\/linitiative.ca\/International\/legislatives-du-12-juin-le-ffs-ne-participera-pas\/"},"modified":"2021-04-03T15:49:51","modified_gmt":"2021-04-03T19:49:51","slug":"legislatives-du-12-juin-le-ffs-ne-participera-pas","status":"publish","type":"post","link":"https:\/\/linitiative.ca\/International\/legislatives-du-12-juin-le-ffs-ne-participera-pas\/","title":{"rendered":"L\u00e9gislatives du 12 juin : Le FFS ne participera pas"},"content":{"rendered":"<h4 class=\"title-14\"\/>\n<div class=\"featured_image\"><img loading=\"lazy\" decoding=\"async\" width=\"720\" height=\"758\" src=\"https:\/\/www.elwatan.com\/wp-content\/uploads\/2021\/04\/received_441577183598887.jpeg\" class=\"attachment-post-thumbnail size-post-thumbnail wp-post-image\" alt=\"\" srcset=\"https:\/\/www.elwatan.com\/wp-content\/uploads\/2021\/04\/received_441577183598887.jpeg 720w, https:\/\/www.elwatan.com\/wp-content\/uploads\/2021\/04\/received_441577183598887-285x300.jpeg 285w\" sizes=\"auto, (max-width: 720px) 100vw, 720px\"\/><\/div>\n<p><em><strong>Le Front des forces socialistes (FFS) a d\u00e9cid\u00e9, aujourd\u2019hui, de ne pas participer aux \u00e9lections l\u00e9gislatives du 12 juin prochain.<\/strong><\/em><\/p>\n<p>La r\u00e9solution a \u00e9t\u00e9 adopt\u00e9e \u00e0 l\u2019issu d\u2019une r\u00e9union extraordinaire du Conseil national du parti qui s\u2019est tenue au Centre international de jeunesse de Sidi fredj (Ouest d\u2019Alger) et qui a dur\u00e9 plusieurs heures.<\/p>\n<p>La position du plus vieux parti de l\u2019opposition avait tenu en haleine, toute la journ\u00e9e, la sc\u00e8ne politique nationale dans la mesure o\u00f9 rien n\u2019\u00e9tait clair au pr\u00e9alable quant \u00e0 l\u2019issu de cette r\u00e9union extraordinaire.<\/p>\n<p>C\u2019est le d\u00e9placement de deux responsables du parti, en l\u2019occurrence, Youcef Aouchiche, premier secr\u00e9taire national, et Hakim Belehcel, membre de l\u2019instance pr\u00e9sidentielle, au palais d\u2019El Mouradia pour rencontrer le pr\u00e9sident de la R\u00e9publique, Abdelmadjid Tebboune, le 14 f\u00e9vrier dernier qui a fait planer le doute. Belehcel a pourtant d\u00e9clar\u00e9 sur les colonnes de notre journal le 21 mars dernier que <em>\u00ables \u00e9lections ne constituent pas la solution \u00e0 la crise multidimensionnelle qui secoue le pays\u00bb.<\/em><\/p>\n<p>Par cons\u00e9quent, ces derniers jours, plusieurs membres du Conseil national et un nombre de responsables de ses structures de base se sont prononc\u00e9s pour le boycott de l\u2019\u00e9lection.<\/p>\n<p>D\u2019ailleurs, ce matin, des militants se sont d\u00e9plac\u00e9s vers le si\u00e8ge national du parti, puis \u00e0 Sidi Fredj o\u00f9 se tenait la r\u00e9union, pour r\u00e9affirmer leur position de rejet de ces l\u00e9gislatives.<\/p>\n<p>Le FFS s\u2019ajoute donc \u00e0 la liste des formations politiques qui ont d\u00e9cid\u00e9 de faire l\u2019impasse sur ce rendez-vous \u00e9lectoral \u00e0 l\u2019image du RCD, PT ou bien UCP.<\/p>\n<p>Les l\u00e9gislatives du 12 juin prochain auront lieu donc sans les partis de l\u2019opposition.<\/p>\n<p><span class=\"post-views-label\">Post Views:<\/span> <span class=\"post-views-count\">193<\/span><\/p>\n<p><br class=\"c2\"\/><\/p>\n<div class=\"ichhar-moneytagnative c5\" id=\"ichhar-1809481714\">\n<p>Advertisements<\/p>\n<\/div>\n<p><br class=\"c2\"\/><br \/>\n<br class=\"c6\"\/><\/p>\n<p>Auteur: Mohand Yahiaoui<br \/>\n<a href=\"https:\/\/www.elwatan.com\/edition\/actualite\/legislatives-du-12-juin-le-ffs-ne-participera-pas-03-04-2021\">Cliquez ici pour lire l&rsquo;article depuis sa source.<\/a><\/p>\n","protected":false},"excerpt":{"rendered":"<p>Le Front des forces socialistes (FFS) a d\u00e9cid\u00e9, aujourd\u2019hui, de ne pas participer aux \u00e9lections l\u00e9gislatives du 12 juin prochain. La r\u00e9solution a \u00e9t\u00e9 adopt\u00e9e \u00e0 l\u2019issu d\u2019une r\u00e9union extraordinaire du Conseil national du parti qui s\u2019est tenue au Centre international de jeunesse de Sidi fredj (Ouest d\u2019Alger) et qui a dur\u00e9 plusieurs heures. La [&hellip;]<\/p>\n","protected":false},"author":1743,"featured_media":0,"comment_status":"closed","ping_status":"closed","sticky":false,"template":"","format":"standard","meta":{"fifu_image_url":"https:\/\/www.elwatan.com\/wp-content\/uploads\/2021\/04\/received_441577183598887.jpeg","fifu_image_alt":"L\u00e9gislatives du 12 juin : Le FFS ne participera pas","footnotes":""},"categories":[73,53],"tags":[],"class_list":["post-114257","post","type-post","status-publish","format-standard","hentry","category-actualite","category-algerie"],"_links":{"self":[{"href":"https:\/\/linitiative.ca\/International\/wp-json\/wp\/v2\/posts\/114257","targetHints":{"allow":["GET"]}}],"collection":[{"href":"https:\/\/linitiative.ca\/International\/wp-json\/wp\/v2\/posts"}],"about":[{"href":"https:\/\/linitiative.ca\/International\/wp-json\/wp\/v2\/types\/post"}],"author":[{"embeddable":true,"href":"https:\/\/linitiative.ca\/International\/wp-json\/wp\/v2\/users\/1743"}],"replies":[{"embeddable":true,"href":"https:\/\/linitiative.ca\/International\/wp-json\/wp\/v2\/comments?post=114257"}],"version-history":[{"count":0,"href":"https:\/\/linitiative.ca\/International\/wp-json\/wp\/v2\/posts\/114257\/revisions"}],"wp:attachment":[{"href":"https:\/\/linitiative.ca\/International\/wp-json\/wp\/v2\/media?parent=114257"}],"wp:term":[{"taxonomy":"category","embeddable":true,"href":"https:\/\/linitiative.ca\/International\/wp-json\/wp\/v2\/categories?post=114257"},{"taxonomy":"post_tag","embeddable":true,"href":"https:\/\/linitiative.ca\/International\/wp-json\/wp\/v2\/tags?post=114257"}],"curies":[{"name":"wp","href":"https:\/\/api.w.org\/{rel}","templated":true}]}}