{"id":114258,"date":"2021-04-03T04:00:00","date_gmt":"2021-04-03T08:00:00","guid":{"rendered":"https:\/\/linitiative.ca\/International\/leila-menchari-il-y-a-des-voyages-qui-nont-ni-debut-ni-fin\/"},"modified":"2021-04-03T04:00:00","modified_gmt":"2021-04-03T08:00:00","slug":"leila-menchari-il-y-a-des-voyages-qui-nont-ni-debut-ni-fin","status":"publish","type":"post","link":"https:\/\/linitiative.ca\/International\/leila-menchari-il-y-a-des-voyages-qui-nont-ni-debut-ni-fin\/","title":{"rendered":"Leila Menchari: Il y a des voyages qui n\u2019ont ni d\u00e9but ni fin&#8230;"},"content":{"rendered":"<p class=\"c3\"><span class=\"c2\"><em><strong><img decoding=\"async\" src=\"\/uploads\/FCK_files\/Abdelaziz-Annabi.jpg\" alt=\"\" width=\"15%\" vspace=\"5\" hspace=\"5\" align=\"left\"\/>Par Abdelaziz Annabi\u00a0 &#8211;<\/strong><\/em><\/span> <strong>Le 4 avril 2020 disparaissait Leila Menchari \u00e0 Paris. Elle est n\u00e9e le 27 septembre 1927 \u00e0 Tunis au c\u0153ur de la rue El Marr, entre Bab Menara et Bab Jedid. C\u2019est l\u00e0, dans le Tunis\u00a0 d\u2019antan, que s\u2019est forg\u00e9e son \u00e9ducation et qu\u2019elle a tiss\u00e9 sa toile d\u2019esth\u00e8te, au milieu des couleurs et du pittoresque du vieux R\u2019bat, entre Dar Sidi Amor Fayache, Dar Si Mohamed Ben Ammar et Dar Tahar Ben Ammar.\u00a0<\/strong><\/p>\n<p class=\"c3\">Elle \u00e9tait l\u2019arri\u00e8re-petite-fille de Sayed Djellab, le dernier Sultan de Touggourt, dont sa m\u00e8re, Habiba Menchari, f\u00e9ministe de la premi\u00e8re heure, \u00e9tait l\u2019h\u00e9riti\u00e8re embl\u00e9matique. Son p\u00e8re, Abderrahmane Menchari, notaire, h\u00e9ros de la Grande Guerre, veillait \u00e9troitement \u00e0 son \u00e9ducation et lui inculquait les principes d\u2019endurance, de courage et d\u2019excellence qui soutiendront ses premi\u00e8res ann\u00e9es d\u2019\u00e9tudiante aux Beaux-Arts dans le Paris de l\u2019apr\u00e8s-guerre.<\/p>\n<p class=\"c4\"><img decoding=\"async\" src=\"\/uploads\/FCK_files\/Le\u00efla-Menchari-(2).jpg\" alt=\"\" width=\"100%\" vspace=\"5\" hspace=\"5\" align=\"middle\"\/><\/p>\n<p class=\"c3\">Ma tante Lili \u00e9tait le fruit d\u2019une divine orchestration, dou\u00e9e de l\u2019esprit des muses inspiratrices d\u2019art et de beaut\u00e9, et d\u2019un corps de na\u00efade. Tandis que sa s\u0153ur a\u00een\u00e9e, Frida, ma m\u00e8re, est la premi\u00e8re \u00e9tudiante tunisienne musulmane inscrite en pharmacie \u2013 au c\u00f4t\u00e9 de Radhi Jazi \u2013, Lili est la premi\u00e8re Tunisienne musulmane championne de Tunisie de natation en 1948. De ses ann\u00e9es d\u2019entra\u00eenement et de comp\u00e9tition, elle avait gard\u00e9 une silhouette sculpturale et un impressionnant crawl avec un cycle de bras longs et des doigts effil\u00e9s qui la propulsait tr\u00e8s loin !\u00a0<\/p>\n<p class=\"c3\"><img decoding=\"async\" src=\"\/uploads\/FCK_files\/Le\u00efla-Menchari-(7).jpg\" alt=\"\" width=\"100%\" vspace=\"5\" hspace=\"5\" align=\"middle\"\/><\/p>\n<p class=\"c3\">Lili est la premi\u00e8re Tunisienne inscrite en 1943 \u00e0 l\u2019Ecole des beaux-arts de Tunis dont elle suivait les cours de dessin dans les ateliers de peinture d\u2019Armand Vergeaud et de Pierre Berjole, avec ses camarades tunisiens, pionniers de l\u2019Ecole de Tunis, \u00e0 qui les Ma\u00eetres interdisaient de \u00abtoucher au pinceau\u00bb ! Ayant acquis une base incomparable de la ma\u00eetrise du crayon et du fusain durant les ann\u00e9es de formation \u00e0 Tunis, elle se lance dans la sculpture et la peinture d\u00e8s son entr\u00e9e \u00e0 l\u2019Ecole des beaux-arts de Paris en 1948, dont elle fut aussi la premi\u00e8re Tunisienne dipl\u00f4m\u00e9e \u00e0 sa sortie de l\u2019Ecole en 1953, au m\u00eame titre que ses camarades, le peintre Bernard Buffet, le sculpteur C\u00e9sar et le sculpteur et graveur Jean Asselberg, qui seront les ic\u00f4nes du mouvement surr\u00e9aliste et de la nouvelle vague des ann\u00e9es 50 \u00e0 Saint-Germain. Tel est le milieu \u00e9litiste qui poussa Lili \u00e0 concourir pour le \u00abPrix de Rome\u00bb \u00e0 sa sortie des deux Ecoles des beaux-arts de Tunis et de Paris, au bout d\u2019un cursus de dix ans d\u2019\u00e9tudes prestigieuses d\u2019\u00e9l\u00e8ve-artiste-peintre.<\/p>\n<p class=\"c3\">Pour le Prix de Rome de Peinture, Lili franchit les deux \u00e9preuves \u00e9liminatoires qui s\u00e9lectionnent les candidats pour l\u2019\u00e9preuve finale et arrive en \u00abLoges\u00bb ; mais \u00e0 sa grande d\u00e9ception, elle est avertie au troisi\u00e8me jour d\u2019isolement dans la Loge, en pleine composition de son sujet, que l\u2019\u0153uvre serait seulement expos\u00e9e, mais qu\u2019elle ne pouvait \u00eatre accept\u00e9e par le jury d\u00e8s lors que \u00abMademoiselle Menchari n\u2019\u00e9tait pas Fran\u00e7aise !\u00bb\u00a0\u00a0<\/p>\n<p class=\"c4\"><img decoding=\"async\" src=\"\/uploads\/FCK_files\/Menchari-1.jpg\" alt=\"\" width=\"100%\" vspace=\"5\" hspace=\"5\" align=\"middle\"\/><\/p>\n<p class=\"c3\">Lili reprendra toute son inspiration \u00e0 La Casa de V\u00e9lasquez \u00e0 Madrid o\u00f9 elle a s\u00e9journ\u00e9 apr\u00e8s son retrait forc\u00e9 du \u00abPrix de Rome\u00bb. Durant cette p\u00e9riode espagnole, elle a compos\u00e9 des \u0153uvres \u00abau fusain\u00bb, dont des dessins repr\u00e9sentant S\u00e9ville et des sc\u00e8nes de la cit\u00e9 andalouse qui sont de rares morceaux d\u2019anthologie dans l\u2019articulation du graphisme et des perspectives, faits de traits noirs appos\u00e9s sur une grande feuille de carton blanc, \u00e9tonnamment vivants, presque \u00abparlants\u00bb. Je garde comme des reliques les deux gravures de sa p\u00e9riode hispanique qu\u2019elle m\u2019a offertes et qui t\u00e9moignent d\u2019un talent rare et \u00e9pur\u00e9.<\/p>\n<p class=\"c4\"><img decoding=\"async\" src=\"\/uploads\/FCK_files\/Menchari-2.jpg\" alt=\"\" width=\"100%\" vspace=\"5\" hspace=\"5\" align=\"middle\"\/><\/p>\n<p class=\"c3\">Au cours de l\u2019ann\u00e9e 1952, son ami et talentueux Ezzeddine Alaya la rejoignait \u00e0 Paris. Il avait suivi des cours de sculpture \u00e0 l\u2019Ecole des beaux-arts de Tunis qui seront le \u00absocle\u00bb de sa r\u00e9ussite l\u00e9gendaire. Lili le recommandait au grand couturier Guy Laroche, chez qui il devenait bient\u00f4t \u00ab1\u00e9re Main\u00bb jusqu\u2019en 1961. Lili restait son \u00e9g\u00e9rie.<\/p>\n<p class=\"c4\"><img decoding=\"async\" src=\"\/uploads\/FCK_files\/Menchari-3.jpg\" alt=\"\" width=\"100%\" vspace=\"5\" hspace=\"5\" align=\"middle\"\/><\/p>\n<p class=\"c3\">Lili entrait par hasard chez Herm\u00e8s en 1961, en proposant ses dessins \u00e0 Madame Beaumel qui \u00e9tait la premi\u00e8re directrice de la d\u00e9coration de la v\u00e9n\u00e9rable maison depuis la cr\u00e9ation de ce service apr\u00e8s la Seconde Guerre mondiale. Annie Beaumel tenait son pouvoir de cr\u00e9ation de ses enrichissantes rencontres du Tout-Paris. Elle \u00e9tait l\u2019amie des artistes et des \u00e9crivains en vue \u00e0 l\u2019\u00e9poque, qu\u2019elle rencontrait et qui la visitaient, la conseillant au passage, inspirant ainsi ses vitrines, qu\u2019elle faisait monter ensuite. Apr\u00e8s le d\u00e9part d\u2019Annie Beaumel \u00e0 la retraite en 1978, Jean-Louis-Dumas Herm\u00e8s, le mythique chef du Sellier ancestral, fait de Lili la directrice du service de la d\u00e9coration ainsi que la directrice du Comit\u00e9 de la soie, des couleurs et des cristalleries des ateliers de Lyon o\u00f9 sont con\u00e7us, dessin\u00e9s et imprim\u00e9s les \u00abCarr\u00e9s-Herm\u00e8s\u00bb, in\u00e9gal\u00e9s et adul\u00e9s des \u00e9l\u00e9gantes du monde entier.\u00a0<\/p>\n<p class=\"c4\"><img decoding=\"async\" src=\"\/uploads\/FCK_files\/Menchari-4.jpg\" alt=\"\" width=\"100%\" vspace=\"5\" hspace=\"5\" align=\"middle\"\/><\/p>\n<p class=\"c3\">Lili allait trouver dans la d\u00e9coration saisonni\u00e8re de la vitrine un terrain privil\u00e9gi\u00e9 pour exprimer son talent et ses r\u00eaves. Par la force de son travail et sa fabuleuse formation des Beaux-Arts, elle allait transformer la vitrine en d\u00e9cors de th\u00e9\u00e2tres minimalistes et surr\u00e9alistes qui enchanteront les passants venus du monde entier, m\u00ealant le raffinement et l\u2019exotisme de l\u2019Orient et de l\u2019Occident, de l\u2019Asie et de l\u2019Arabie, l\u2019Inde \u00e9ternelle et le Sahara, sans oublier la Tunisie \u00e0 qui elle a donn\u00e9 une place unique dans la sc\u00e9nographie. Pour le fabuleux d\u00e9cor d\u2019automne sur le th\u00e8me du \u00abcuir et du d\u00e9sert\u00bb, elle a fait transporter trois tonnes de sable de Matmata ; les artisans de Den-Den, \u00e9lev\u00e9s\u00a0 au rang de stars, \u00e9taient install\u00e9s dans la grande vitrine du 24, Faubourg St-Honor\u00e9 et se livraient, dans leur sp\u00e9cialit\u00e9, \u00e0 l\u2019art du cuivre, de la poterie, de la c\u00e9ramique, comme de la verrerie et de la tapisserie ; des selles enti\u00e8res de cheval \u00e9taient gain\u00e9es de lames de cuir tann\u00e9 habill\u00e9 d\u2019un klim de Gab\u00e8s.<\/p>\n<p class=\"c4\"><img decoding=\"async\" src=\"\/uploads\/FCK_files\/Menchari-5.jpg\" alt=\"\" width=\"100%\" vspace=\"5\" hspace=\"5\" align=\"middle\"\/><\/p>\n<p class=\"c3\">Pour le \u00abPrix de Diane-Herm\u00e8s\u00bb de juillet 1990, manifestation traditionnelle des clubs \u00e9questres organis\u00e9e \u00e0 Chantilly, la Maison Herm\u00e8s mettait la Tunisie \u00e0 l\u2019honneur en invitant un escadron des cavaliers Zlas du Sud tunisien.\u00a0<\/p>\n<p class=\"c3\">La c\u00e9l\u00e9bration de l\u2019ann\u00e9e de l\u2019Inde, inaugur\u00e9e par Herm\u00e8s au nouvel an 1984, \u00e9tait l\u2019occasion pour Lili et Jean-Louis Dumas de se rendre au Rajasthan, en qu\u00eate de l\u2019unique artisan-peintre encore vivant, usant de la traditionnelle peinture sur soie, repr\u00e9sentant l\u2019aigle et les faucons des cimes sacr\u00e9es des confins du Bengale. Mon ami, l\u2019ambassadeur Ahmed Ouna\u00efes les a re\u00e7us au cours de leur s\u00e9jour \u00e0 Delhi et peut t\u00e9moigner de leur aventure \u00e9clectique \u00e0 la recherche de l\u2019humain, de l\u2019authentique et du beau, dans les lieux o\u00f9 se maintient le culte de la vieille civilisation.<\/p>\n<p class=\"c3\">Sous l\u2019\u00e9gide d\u2019Herm\u00e8s, l\u2019Institut du monde arabe a inaugur\u00e9 en 2010 une r\u00e9trospective de l\u2019\u0153uvre de Le\u00efla Menchari, assemblant les diff\u00e9rents th\u00e8mes et les pr\u00e9cieux objets expos\u00e9s qui ont distingu\u00e9 les d\u00e9cors des vitrines c\u00e9l\u00e9brant tour \u00e0 tour les quatre saisons durant trente ans d\u2019une carri\u00e8re vou\u00e9e \u00e0 l\u2019art et \u00e0 la cr\u00e9ation. Une seconde exposition lui \u00e9tait encore d\u00e9di\u00e9e par Herm\u00e8s au Grand-Palais \u00e0 la fin de 2017, rendant un hommage national en France \u00e0 toute sa carri\u00e8re au service de ses \u00abTh\u00e9\u00e2tres de Poche\u00bb au sein des prestigieuses Vitrines ! Voil\u00e0 qui restera incontestablement dans les m\u00e9moires du public et de ses admirateurs. Mais que le Carr\u00e9-Herm\u00e8s intitul\u00e9 \u00abRegina\u00bb offert \u00e0 Sa Majest\u00e9 la reine \u00c9lisabeth lors de sa visite d\u2019Etat en France en 1972, \u00e0 l\u2019Invitation du Pr\u00e9sident Georges Pompidou, ait \u00e9t\u00e9 dessin\u00e9\u00a0 et sign\u00e9 de la main de Lili, qui avait r\u00e9uni dans une composition magistrale les marques et les \u00e9tendards des armoiries de la dynastie de la couronne, voil\u00e0, sans doute, une de ses plus belles cons\u00e9crations.<\/p>\n<p class=\"c3\">Un beau livre, \u00e9dit\u00e9 \u00e0 Paris en octobre 1999, est consacr\u00e9 \u00e0 l\u2019\u0153uvre de Le\u00efla Menchari sous le titre Les Vitrines Herm\u00e8s. Ecrit par la romanci\u00e8re Mich\u00e8le Gazier et pr\u00e9fac\u00e9 par Michel Tournier, il reproduit une s\u00e9lection de ses cr\u00e9ations. L\u2019auteur \u00e9crit : \u00abLes vitrines que Le\u00efla Menchari imagine pour Herm\u00e8s sont des invitations au voyage. Des contes merveilleux et nomades offerts aux passants. Contes d\u2019automne aux couleurs de sous-bois, de No\u00ebl scintillant d\u2019ors et de lumi\u00e8res, de printemps tendre et acidul\u00e9, d\u2019\u00e9t\u00e9 \u00e9blouissant de blancheur\u2026\u00bb Lili conclut d\u2019une phrase : \u00abIl y a des voyages qui n\u2019ont ni d\u00e9but ni fin\u00bb<\/p>\n<p class=\"c3\">Quel chemin parcouru, et quelle exemplarit\u00e9, depuis la perte du foulard \u00abHerm\u00e8s\u00bb que lui avait confi\u00e9 Mama Habiba \u00e0 son entr\u00e9e aux Beaux-Arts, et que Lili avait promis de ramener \u00e0 sa maman !<\/p>\n<p class=\"c5\"><strong>Abdelaziz Annabi<\/strong><\/p>\n<p>Auteur:<br \/>\n<a href=\"https:\/\/www.leaders.com.tn\/article\/31666-leila-menchari-il-y-a-des-voyages-qui-n-ont-ni-debut-ni-fin\">Cliquez ici pour lire l&rsquo;article depuis sa source.<\/a><\/p>\n","protected":false},"excerpt":{"rendered":"<p>Par Abdelaziz Annabi\u00a0 &#8211; Le 4 avril 2020 disparaissait Leila Menchari \u00e0 Paris. Elle est n\u00e9e le 27 septembre 1927 \u00e0 Tunis au c\u0153ur de la rue El Marr, entre Bab Menara et Bab Jedid. C\u2019est l\u00e0, dans le Tunis\u00a0 d\u2019antan, que s\u2019est forg\u00e9e son \u00e9ducation et qu\u2019elle a tiss\u00e9 sa toile d\u2019esth\u00e8te, au milieu [&hellip;]<\/p>\n","protected":false},"author":1772,"featured_media":0,"comment_status":"closed","ping_status":"closed","sticky":false,"template":"","format":"standard","meta":{"fifu_image_url":"\/uploads\/FCK_files\/Abdelaziz-Annabi.jpg","fifu_image_alt":"Leila Menchari: Il y a des voyages qui n\u2019ont ni d\u00e9but ni fin...","footnotes":""},"categories":[73,55],"tags":[],"class_list":["post-114258","post","type-post","status-publish","format-standard","hentry","category-actualite","category-tunisie"],"_links":{"self":[{"href":"https:\/\/linitiative.ca\/International\/wp-json\/wp\/v2\/posts\/114258","targetHints":{"allow":["GET"]}}],"collection":[{"href":"https:\/\/linitiative.ca\/International\/wp-json\/wp\/v2\/posts"}],"about":[{"href":"https:\/\/linitiative.ca\/International\/wp-json\/wp\/v2\/types\/post"}],"author":[{"embeddable":true,"href":"https:\/\/linitiative.ca\/International\/wp-json\/wp\/v2\/users\/1772"}],"replies":[{"embeddable":true,"href":"https:\/\/linitiative.ca\/International\/wp-json\/wp\/v2\/comments?post=114258"}],"version-history":[{"count":0,"href":"https:\/\/linitiative.ca\/International\/wp-json\/wp\/v2\/posts\/114258\/revisions"}],"wp:attachment":[{"href":"https:\/\/linitiative.ca\/International\/wp-json\/wp\/v2\/media?parent=114258"}],"wp:term":[{"taxonomy":"category","embeddable":true,"href":"https:\/\/linitiative.ca\/International\/wp-json\/wp\/v2\/categories?post=114258"},{"taxonomy":"post_tag","embeddable":true,"href":"https:\/\/linitiative.ca\/International\/wp-json\/wp\/v2\/tags?post=114258"}],"curies":[{"name":"wp","href":"https:\/\/api.w.org\/{rel}","templated":true}]}}