{"id":114259,"date":"2021-04-03T07:00:00","date_gmt":"2021-04-03T11:00:00","guid":{"rendered":"https:\/\/linitiative.ca\/International\/bourguiba-deux-nouveaux-documents-inedits\/"},"modified":"2021-04-03T07:00:00","modified_gmt":"2021-04-03T11:00:00","slug":"bourguiba-deux-nouveaux-documents-inedits","status":"publish","type":"post","link":"https:\/\/linitiative.ca\/International\/bourguiba-deux-nouveaux-documents-inedits\/","title":{"rendered":"Bourguiba: Deux nouveaux documents in\u00e9dits"},"content":{"rendered":"<p>Vingt-et-un an apr\u00e8s son d\u00e9c\u00e8s le 6 avril 2000, le pr\u00e9sident Habib Bourguiba demeure plus que jamais pr\u00e9sent dans la m\u00e9moire des Tunisiens. En ces temps d\u2019errances et d\u2019incertitudes, de risques et de menaces, il est invoqu\u00e9 en source d\u2019inspiration et de sagesse. Son leadership manque terriblement \u00e0 la nation.<\/p>\n<p>Comme \u00e0 chaque comm\u00e9moration de sa disparition, <span class=\"c2\"><strong>Leaders<\/strong><\/span> publie des documents in\u00e9dits de Bourguiba. Gr\u00e2ce au concours pr\u00e9cieux du directeur g\u00e9n\u00e9ral des Archives nationales, le professeur H\u00e9di Jalleb, nous r\u00e9v\u00e9lons deux documents historiques significatifs. Le premier est une lettre adress\u00e9e par Habib Bourguiba Jr, depuis Tunis, le 5 ao\u00fbt 1955, \u00e0 son p\u00e8re, alors en cure de soins \u00e0 Luchon en France. Le second est l\u2019annuaire t\u00e9l\u00e9phonique de Bourguiba, \u00e9tabli en 1951. Pr\u00e9cieux, significatifs.<\/p>\n<p class=\"c3\"><a href=\"https:\/\/www.leaders.com.tn\/le_mensuel_abonnez_vous\" target=\"_blank\" rel=\"noopener\"><img loading=\"lazy\" decoding=\"async\" src=\"\/uploads\/FCK_files\/Bandeau-Leaders(3).jpg\" alt=\"\" width=\"500\" vspace=\"5\" hspace=\"5\" height=\"128\" align=\"middle\"\/><\/a><\/p>\n<p>\u00a0<\/p>\n<p>Auteur:<br \/>\n<a href=\"https:\/\/www.leaders.com.tn\/article\/31657-bourguiba-deux-nouveaux-documents-inedits\">Cliquez ici pour lire l&rsquo;article depuis sa source.<\/a><\/p>\n","protected":false},"excerpt":{"rendered":"<p>Vingt-et-un an apr\u00e8s son d\u00e9c\u00e8s le 6 avril 2000, le pr\u00e9sident Habib Bourguiba demeure plus que jamais pr\u00e9sent dans la m\u00e9moire des Tunisiens. En ces temps d\u2019errances et d\u2019incertitudes, de risques et de menaces, il est invoqu\u00e9 en source d\u2019inspiration et de sagesse. Son leadership manque terriblement \u00e0 la nation. Comme \u00e0 chaque comm\u00e9moration de [&hellip;]<\/p>\n","protected":false},"author":1772,"featured_media":0,"comment_status":"closed","ping_status":"closed","sticky":false,"template":"","format":"standard","meta":{"fifu_image_url":"\/uploads\/FCK_files\/Bandeau-Leaders(3).jpg","fifu_image_alt":"Bourguiba: Deux nouveaux documents in\u00e9dits","footnotes":""},"categories":[73,55],"tags":[],"class_list":["post-114259","post","type-post","status-publish","format-standard","hentry","category-actualite","category-tunisie"],"_links":{"self":[{"href":"https:\/\/linitiative.ca\/International\/wp-json\/wp\/v2\/posts\/114259","targetHints":{"allow":["GET"]}}],"collection":[{"href":"https:\/\/linitiative.ca\/International\/wp-json\/wp\/v2\/posts"}],"about":[{"href":"https:\/\/linitiative.ca\/International\/wp-json\/wp\/v2\/types\/post"}],"author":[{"embeddable":true,"href":"https:\/\/linitiative.ca\/International\/wp-json\/wp\/v2\/users\/1772"}],"replies":[{"embeddable":true,"href":"https:\/\/linitiative.ca\/International\/wp-json\/wp\/v2\/comments?post=114259"}],"version-history":[{"count":0,"href":"https:\/\/linitiative.ca\/International\/wp-json\/wp\/v2\/posts\/114259\/revisions"}],"wp:attachment":[{"href":"https:\/\/linitiative.ca\/International\/wp-json\/wp\/v2\/media?parent=114259"}],"wp:term":[{"taxonomy":"category","embeddable":true,"href":"https:\/\/linitiative.ca\/International\/wp-json\/wp\/v2\/categories?post=114259"},{"taxonomy":"post_tag","embeddable":true,"href":"https:\/\/linitiative.ca\/International\/wp-json\/wp\/v2\/tags?post=114259"}],"curies":[{"name":"wp","href":"https:\/\/api.w.org\/{rel}","templated":true}]}}