{"id":114260,"date":"2021-04-03T08:00:00","date_gmt":"2021-04-03T12:00:00","guid":{"rendered":"https:\/\/linitiative.ca\/International\/leaders-du-mois-davril-le-livre-evenement-de-mohamed-ennaceur-des-revelations\/"},"modified":"2021-04-03T08:00:00","modified_gmt":"2021-04-03T12:00:00","slug":"leaders-du-mois-davril-le-livre-evenement-de-mohamed-ennaceur-des-revelations","status":"publish","type":"post","link":"https:\/\/linitiative.ca\/International\/leaders-du-mois-davril-le-livre-evenement-de-mohamed-ennaceur-des-revelations\/","title":{"rendered":"Leaders du mois d&rsquo;avril: Le livre-\u00e9v\u00e8nement de Mohamed Ennaceur, des r\u00e9v\u00e9lations"},"content":{"rendered":"<p>Gr\u00e2ce \u00e0 la\u00a0 pand\u00e9mie, les Tunisiens ont, enfin, d\u00e9couvert les vertus de la lecture. A\u00a0 quelque\u00a0 chose, malheur est bon car le lien de causalit\u00e9 avec la crise sanitaire et le confinement qui s&rsquo;est ensuivi est \u00e9vident. Cette crise conjugu\u00e9e \u00e0 l&rsquo;instabilit\u00e9 politique ont suscit\u00e9 chez nos hommes politiques et nos intellectuels une vocation d&rsquo;\u00e9crivain. Du coup, nous avons enfin des \u00e9clairages sur des \u00e9v\u00e8nements qui ont marqu\u00e9 cette d\u00e9cennie mais qu&rsquo;on avait envelopp\u00e9\u00a0 d&rsquo;un voile pudique. D&rsquo;ailleurs, les ouvrages pr\u00e9sent\u00e9s dans ce num\u00e9ro, de par leur nombre et la diversit\u00e9 des sujets trait\u00e9s et surtout ce \u00ab\u00a0livre-\u00e9v\u00e8nement\u00a0\u00bb, les m\u00e9moires du pr\u00e9sident de la R\u00e9publique int\u00e9rimaire, t\u00e9moignent de ce foisonnement.<\/p>\n<p>Vingt-et-un ans apr\u00e8s son d\u00e9c\u00e8s le 6 avril 2000, le pr\u00e9sident Bourguiba demeure plus que jamais pr\u00e9sent dans la m\u00e9moire des Tunisiens.Comme \u00e0 chaque comm\u00e9moration de sa disparition,\u00a0 <span class=\"c2\"><strong>Leaders<\/strong><\/span> publie des documents in\u00e9dits de Bourguiba. Gr\u00e2ce au concours pr\u00e9cieux du directeur g\u00e9n\u00e9ral des Archives nationales, le professeur H\u00e9di Jalleb, nous r\u00e9v\u00e9lons deux documents historiques significatifs. Le premier est une lettre adress\u00e9e par Habib Bourguiba Jr, depuis Tunis, le 5 ao\u00fbt 1955, \u00e0 son p\u00e8re, alors en cure de soins \u00e0 Luchon en France. Le second est l\u2019annuaire t\u00e9l\u00e9phonique de Bourguiba, \u00e9tabli en 1951. Pr\u00e9cieux, significatifs.<\/p>\n<p>En exclusivit\u00e9, <span class=\"c2\"><strong>Leaders<\/strong><\/span> publie une lettre de Habib Bourguiba Jr \u00e0 son p\u00e8re. Avec son franc-parler l\u00e9gendaire, alerte le \u2018\u2019Combattant supr\u00eame\u2019\u2019 sur \u00ables grenouillages\u00bb, \u00able partage d\u2019un g\u00e2teau\u00bb et \u00abune situation \u00e9conomique d\u00e9sastreuse\u00bb. C\u2019\u00e9tait en 1955, il y a plus de 65 ans. On se croirait en avril 2021.<\/p>\n<p>La revue revient sur l&rsquo;\u00e9pid\u00e9mie : alors que la barre fatidique des 10000 morts est sur le point d&rsquo;\u00eatre d\u00e9pass\u00e9e, la campagne de vaccination entame une nouvelle phase avec l&rsquo;acc\u00e9l\u00e9ration des\u00a0 livraisons de vaccins. Permettra-t-elle d&rsquo;endiguer ce fl\u00e9au ?<\/p>\n<p>La revue s&rsquo;int\u00e9resse \u00e9galement \u00e0 la situation en Libye. Le pays voisin a mis un terme aux diff\u00e9rends qui divisaient sa classe politique\u00a0 avec la constitution d&rsquo;un nouveau Conseil pr\u00e9sidentiel.\u00a0 La raison a fini par l&#8217;emporter.<\/p>\n<p>Dans un nouvel ouvrage, Yadh Ben Achour appelle \u00e0 une r\u00e9vision de la pens\u00e9e islamique.<\/p>\n<p class=\"MsoNormal\"><span class=\"c3\"><strong>Sommaire<\/strong><\/span><\/p>\n<p class=\"MsoNormal\"><span class=\"c4\"><strong>Opinion<\/strong><\/span><\/p>\n<p class=\"MsoNormal\"><span class=\"c5\"><strong>\u2022<\/strong><\/span> A quand un nouvel \u00e9quilibre apr\u00e8s les troubles de la r\u00e9volution ?<br \/><span class=\"c6\"><em>\u00a0\u00a0 Par Riadh Zghal<\/em><\/span><\/p>\n<p class=\"MsoNormal\"><span class=\"c4\"><strong>Nation<\/strong><\/span><\/p>\n<p class=\"MsoNormal\"><span class=\"c5\"><strong>\u2022<\/strong><\/span> Exclusif : Bourguiba deux nouveaux documents in\u00e9dits<\/p>\n<p class=\"MsoNormal\"><span class=\"c4\"><strong>En couverture<\/strong><\/span><\/p>\n<p class=\"MsoNormal\"><span class=\"c5\"><strong>\u2022<\/strong><\/span> Un livre-\u00e9v\u00e9nement : les m\u00e9moires de Mohamed Ennaceur: R\u00e9v\u00e9lations<\/p>\n<p class=\"MsoNormal\"><span class=\"c4\"><strong>Nation<\/strong><\/span><\/p>\n<p class=\"MsoNormal\"><span class=\"c5\"><strong>\u2022<\/strong><\/span> Covid-19, An 2 : Ce qui nous attend<\/p>\n<p class=\"MsoNormal\"><span class=\"c5\"><strong>\u2022<\/strong><\/span> In\u00e8s Ayadi : charg\u00e9e de mission aupr\u00e8s du ministre de la Sant\u00e9 &#8211; Rattraper, endiguer et acc\u00e9l\u00e9rer la vaccination<\/p>\n<p class=\"MsoNormal\"><span class=\"c5\"><strong>\u2022<\/strong><\/span> Nabil Triki : groupe Triki: L\u2019entreprise ne pourra plus r\u00e9sister davantage<\/p>\n<p class=\"MsoNormal\"><span class=\"c5\"><strong>\u2022<\/strong><\/span> Moez Chakchouk: Ministre du Transport et de la Logistique: Et pourtant, il faut que \u00e7a roule<\/p>\n<p class=\"MsoNormal\"><span class=\"c5\"><strong>\u2022<\/strong><\/span> Mounir Ksiksi: Pr\u00e9sident de la Cnlct: Lutte contre le terrorisme : de nouvelles formes mieux adapt\u00e9es et plus efficaces<\/p>\n<p class=\"MsoNormal\"><span class=\"c5\"><strong>Chronique<\/strong><\/span><\/p>\n<p class=\"MsoNormal\"><span class=\"c5\"><strong>\u2022<\/strong><\/span> Le 51e Etat<br \/><span class=\"c6\"><em>\u00a0\u00a0 Par Habib Touhami<\/em><\/span><\/p>\n<p class=\"MsoNormal\"><span class=\"c4\"><strong>International<\/strong><\/span><\/p>\n<p class=\"MsoNormal\"><span class=\"c5\"><strong>\u2022<\/strong><\/span> Une nouvelle \u00e9quipe dirigeante pour jeter les bases de la Libye nouvelle<br \/><span class=\"c6\"><em>\u00a0\u00a0 Par Mohamed Ibrahim Hsairi<\/em><\/span><\/p>\n<p class=\"MsoNormal\"><span class=\"c4\"><strong>Soci\u00e9t\u00e9<\/strong><\/span><\/p>\n<p class=\"MsoNormal\"><span class=\"c5\"><strong>\u2022<\/strong><\/span> Leila Menchari : il y a des voyages qui n\u2019ont ni d\u00e9but ni fin&#8230;<br \/><span class=\"c6\"><em>\u00a0\u00a0 Par Abdelaziz Annabi<\/em><\/span><\/p>\n<p class=\"MsoNormal\"><span class=\"c5\"><strong>\u2022<\/strong><\/span> Cavaliers, chevaux et baroud : l\u2019instant festif<\/p>\n<p class=\"MsoNormal\"><span class=\"c5\"><strong>\u2022<\/strong><\/span> Yadh Ben Achour : l\u2019islam et la d\u00e9mocratie: Une r\u00e9vision de la pens\u00e9e islamique s\u2019impose&#8230;<\/p>\n<p class=\"MsoNormal\"><span class=\"c5\"><strong>\u2022<\/strong><\/span> Ce que nous ne savions pas d\u2019Abdelwaheb Ben Ayed&#8230;<\/p>\n<p class=\"MsoNormal\"><span class=\"c5\"><strong>\u2022<\/strong><\/span> La naissance, rites et symboles<\/p>\n<p class=\"MsoNormal\"><span class=\"c5\"><strong>\u2022<\/strong><\/span> Abdelhamid Sassi : un ministre b\u00e2tisseur<\/p>\n<p class=\"MsoNormal\"><span class=\"c5\"><strong>\u2022<\/strong><\/span> Deux Levantins \u00e0 Tunis Far\u00e8s Chidyaq et Rocha\u00efd Dahdah<br \/><span class=\"c6\"><em>\u00a0\u00a0 Par Mohamed El Aziz Ben Achour<\/em><\/span><\/p>\n<p class=\"MsoNormal\"><span class=\"c5\"><strong>\u2022<\/strong><\/span> L\u2019ex\u00e9g\u00e8se des textes bibliques et les d\u00e9couvertes arch\u00e9ologiques<br \/><span class=\"c6\"><em>\u00a0\u00a0 Par Ammar Mahjoubi<\/em><\/span><\/p>\n<p class=\"MsoNormal\"><span class=\"c5\"><strong>\u2022<\/strong><\/span> Hommage \u00e0 Othman Kechrid<\/p>\n<p class=\"MsoNormal\"><span class=\"c5\"><strong>\u2022<\/strong><\/span> Saadeddine Zmerli : l\u2019humaniste<br \/><em>\u00a0\u00a0 Par Mohamed Bergaoui<\/em><\/p>\n<p class=\"MsoNormal\"><span class=\"c5\"><strong>Billet<\/strong><\/span><\/p>\n<p class=\"MsoNormal\"><span class=\"c5\"><strong>\u2022<\/strong><\/span> \u00abJe vous d\u00e9barrasserai d\u2019eux\u00bb<br \/><span class=\"c6\"><em>\u00a0\u00a0 Par H\u00e9di B\u00e9hi<\/em><\/span><\/p>\n<p>Auteur:<br \/>\n<a href=\"https:\/\/www.leaders.com.tn\/article\/31652-leaders-du-mois-d-avril-le-livre-evenement-de-mohamed-ennaceur-des-revelations\">Cliquez ici pour lire l&rsquo;article depuis sa source.<\/a><\/p>\n","protected":false},"excerpt":{"rendered":"<p>Gr\u00e2ce \u00e0 la\u00a0 pand\u00e9mie, les Tunisiens ont, enfin, d\u00e9couvert les vertus de la lecture. A\u00a0 quelque\u00a0 chose, malheur est bon car le lien de causalit\u00e9 avec la crise sanitaire et le confinement qui s&rsquo;est ensuivi est \u00e9vident. Cette crise conjugu\u00e9e \u00e0 l&rsquo;instabilit\u00e9 politique ont suscit\u00e9 chez nos hommes politiques et nos intellectuels une vocation d&rsquo;\u00e9crivain. [&hellip;]<\/p>\n","protected":false},"author":1772,"featured_media":0,"comment_status":"closed","ping_status":"closed","sticky":false,"template":"","format":"standard","meta":{"fifu_image_url":"","fifu_image_alt":"","footnotes":""},"categories":[73,55],"tags":[],"class_list":["post-114260","post","type-post","status-publish","format-standard","hentry","category-actualite","category-tunisie"],"_links":{"self":[{"href":"https:\/\/linitiative.ca\/International\/wp-json\/wp\/v2\/posts\/114260","targetHints":{"allow":["GET"]}}],"collection":[{"href":"https:\/\/linitiative.ca\/International\/wp-json\/wp\/v2\/posts"}],"about":[{"href":"https:\/\/linitiative.ca\/International\/wp-json\/wp\/v2\/types\/post"}],"author":[{"embeddable":true,"href":"https:\/\/linitiative.ca\/International\/wp-json\/wp\/v2\/users\/1772"}],"replies":[{"embeddable":true,"href":"https:\/\/linitiative.ca\/International\/wp-json\/wp\/v2\/comments?post=114260"}],"version-history":[{"count":0,"href":"https:\/\/linitiative.ca\/International\/wp-json\/wp\/v2\/posts\/114260\/revisions"}],"wp:attachment":[{"href":"https:\/\/linitiative.ca\/International\/wp-json\/wp\/v2\/media?parent=114260"}],"wp:term":[{"taxonomy":"category","embeddable":true,"href":"https:\/\/linitiative.ca\/International\/wp-json\/wp\/v2\/categories?post=114260"},{"taxonomy":"post_tag","embeddable":true,"href":"https:\/\/linitiative.ca\/International\/wp-json\/wp\/v2\/tags?post=114260"}],"curies":[{"name":"wp","href":"https:\/\/api.w.org\/{rel}","templated":true}]}}