{"id":114261,"date":"2021-04-03T08:10:00","date_gmt":"2021-04-03T12:10:00","guid":{"rendered":"https:\/\/linitiative.ca\/International\/qnb-celebre-la-journee-mondiale-de-lautisme\/"},"modified":"2021-04-03T08:10:00","modified_gmt":"2021-04-03T12:10:00","slug":"qnb-celebre-la-journee-mondiale-de-lautisme","status":"publish","type":"post","link":"https:\/\/linitiative.ca\/International\/qnb-celebre-la-journee-mondiale-de-lautisme\/","title":{"rendered":"QNB c\u00e9l\u00e8bre la journ\u00e9e mondiale de l&rsquo;autisme"},"content":{"rendered":"<p>QNB et l\u2019ensemble des si\u00e8ges sociaux \u00e0 travers le monde ont c\u00e9l\u00e9br\u00e9 le 02 Avril, la journ\u00e9e mondiale de sensibilisation \u00e0 l&rsquo;autisme.<\/p>\n<p>Confiante en sa qualit\u00e9 de banque citoyenne, QNB\u00a0 a \u00e9clair\u00e9 le soir du 02 Avril son si\u00e8ge social en\u00a0 Bleu\u00a0 pour exprimer son soutien aux enfants autistes.<\/p>\n<p>Des \u00e9tudes r\u00e9centes ont\u00a0 r\u00e9v\u00e9l\u00e9\u00a0 qu\u2019un enfant sur 160, pr\u00e9sente un trouble du spectre autistique.<\/p>\n<p>Tout le monde peut vivre avec l\u2019autisme&#8230;. Tout ce dont les autistes ont besoin, c\u2019est de les \u00e9couter.<br \/>\u00a0<\/p>\n<p>Auteur:<br \/>\n<a href=\"https:\/\/www.leaders.com.tn\/article\/31667-qnb-celebre-la-journee-mondiale-de-l-autisme\">Cliquez ici pour lire l&rsquo;article depuis sa source.<\/a><\/p>\n","protected":false},"excerpt":{"rendered":"<p>QNB et l\u2019ensemble des si\u00e8ges sociaux \u00e0 travers le monde ont c\u00e9l\u00e9br\u00e9 le 02 Avril, la journ\u00e9e mondiale de sensibilisation \u00e0 l&rsquo;autisme. Confiante en sa qualit\u00e9 de banque citoyenne, QNB\u00a0 a \u00e9clair\u00e9 le soir du 02 Avril son si\u00e8ge social en\u00a0 Bleu\u00a0 pour exprimer son soutien aux enfants autistes. Des \u00e9tudes r\u00e9centes ont\u00a0 r\u00e9v\u00e9l\u00e9\u00a0 qu\u2019un [&hellip;]<\/p>\n","protected":false},"author":1772,"featured_media":0,"comment_status":"closed","ping_status":"closed","sticky":false,"template":"","format":"standard","meta":{"fifu_image_url":"","fifu_image_alt":"","footnotes":""},"categories":[73,55],"tags":[],"class_list":["post-114261","post","type-post","status-publish","format-standard","hentry","category-actualite","category-tunisie"],"_links":{"self":[{"href":"https:\/\/linitiative.ca\/International\/wp-json\/wp\/v2\/posts\/114261","targetHints":{"allow":["GET"]}}],"collection":[{"href":"https:\/\/linitiative.ca\/International\/wp-json\/wp\/v2\/posts"}],"about":[{"href":"https:\/\/linitiative.ca\/International\/wp-json\/wp\/v2\/types\/post"}],"author":[{"embeddable":true,"href":"https:\/\/linitiative.ca\/International\/wp-json\/wp\/v2\/users\/1772"}],"replies":[{"embeddable":true,"href":"https:\/\/linitiative.ca\/International\/wp-json\/wp\/v2\/comments?post=114261"}],"version-history":[{"count":0,"href":"https:\/\/linitiative.ca\/International\/wp-json\/wp\/v2\/posts\/114261\/revisions"}],"wp:attachment":[{"href":"https:\/\/linitiative.ca\/International\/wp-json\/wp\/v2\/media?parent=114261"}],"wp:term":[{"taxonomy":"category","embeddable":true,"href":"https:\/\/linitiative.ca\/International\/wp-json\/wp\/v2\/categories?post=114261"},{"taxonomy":"post_tag","embeddable":true,"href":"https:\/\/linitiative.ca\/International\/wp-json\/wp\/v2\/tags?post=114261"}],"curies":[{"name":"wp","href":"https:\/\/api.w.org\/{rel}","templated":true}]}}