{"id":114262,"date":"2021-04-03T13:24:00","date_gmt":"2021-04-03T17:24:00","guid":{"rendered":"https:\/\/linitiative.ca\/International\/deces-du-general-de-corps-darmee-youssef-baraket-un-illustre-chef-militaire-tunisien\/"},"modified":"2021-04-03T13:24:00","modified_gmt":"2021-04-03T17:24:00","slug":"deces-du-general-de-corps-darmee-youssef-baraket-un-illustre-chef-militaire-tunisien","status":"publish","type":"post","link":"https:\/\/linitiative.ca\/International\/deces-du-general-de-corps-darmee-youssef-baraket-un-illustre-chef-militaire-tunisien\/","title":{"rendered":"D\u00e9c\u00e8s du g\u00e9n\u00e9ral de corps d\u2019arm\u00e9e Youssef Baraket\u00a0: un illustre chef militaire tunisien"},"content":{"rendered":"<p><span class=\"c2\"><em><strong><img decoding=\"async\" src=\"\/uploads\/FCK_files\/Nafti-min.jpg\" width=\"20%\" vspace=\"5\" hspace=\"5\" align=\"right\" alt=\"\"\/>Par Mohamed Nafti, G\u00e9n\u00e9ral de Brigade (r)<\/strong><\/em><\/span> &#8211; Un grand g\u00e9n\u00e9ral (\u00e0 la retraite) de l\u2019Arm\u00e9e tunisienne nous quitte ce jour 4 avril 2012 \u00e0 l\u2019\u00e2ge de 86 ans. Le feu g\u00e9n\u00e9ral de corps d\u2019arm\u00e9e Youssef Baraket est d\u00e9c\u00e9d\u00e9. N\u00e9 le 3 f\u00e9vrier 1935 \u00e0 B\u00e9ja. Mari\u00e9 et p\u00e8re de 3 enfants. Incorpor\u00e9 le 25 septembre 1956 comme \u00e9l\u00e8ve-officier. Form\u00e9 \u00e0 Saint-Cyr, en France, il fera partie de la premi\u00e8re promotion des officiers de la Tunisie ind\u00e9pendante, la promotion Bourguiba. Brillant officier d\u2019infanterie et un grand sportif, a command\u00e9 les prestigieuses institutions de l\u2019arm\u00e9e, l\u2019Acad\u00e9mie militaire de Fondouk Djedid, la 2eme Brigade. A \u00e9t\u00e9 d\u00e9sign\u00e9 aux plus hautes fonctions militaires, chef d\u2019\u00c9tat-major de l\u2019Arm\u00e9e de Terre et chef d\u2019\u00c9tat-major g\u00e9n\u00e9ral des arm\u00e9es. Parti \u00e0 la retraite le 1er mars 1997.\u00a0<\/p>\n<p class=\"c3\"><img decoding=\"async\" src=\"\/uploads\/FCK_files\/168424299_449229589648082_7435224412890790910_n.jpg\" width=\"100%\" vspace=\"5\" hspace=\"5\" align=\"middle\" alt=\"\"\/><\/p>\n<p>Il est difficile de prononcer une \u00e9l\u00e9gie, m\u00eame courte et \u00e0 distance, tant la tristesse et le chagrin m\u2019\u00e9treint. Mon G\u00e9n\u00e9ral, votre d\u00e9part fait une grande peine \u00e0 la famille, \u00e0 vos proches et \u00e0 vos amis. Mon G\u00e9n\u00e9ral, votre famille militaire et en premier lieu ceux qui ont \u00e9t\u00e9 vos \u00e9l\u00e8ves \u00e0 l\u2019Acad\u00e9mie militaire (1972- 1975), ceux qui ont servi sous vos ordres et vos proches collaborateurs acceptent difficilement votre d\u00e9part tant l\u2019\u00e9motion est grande \u00e0 l\u2019heure de vous dire au revoir.<\/p>\n<p class=\"c4\"><img decoding=\"async\" src=\"\/uploads\/FCK_files\/16174676437_content.jpg\" alt=\"\" width=\"100%\" vspace=\"5\" hspace=\"5\" align=\"middle\"\/><br \/>Mourir est le destin de tout un chacun. Mais sachez que, par votre fa\u00e7on d\u2019\u00eatre, vos rapports avec vos collaborateurs aussi bien au travail que dans la vie sociale, vous serez toujours hautement respect\u00e9. Aujourd\u2019hui, il nous faut faire notre deuil et accepter votre d\u00e9part dans la paix. Reposez en paix et que Dieu vous\u00a0 garde dans l\u2019autre monde.<\/p>\n<p class=\"c4\">J\u2019adresse \u00e0 son \u00e9pouse et \u00e0 ses enfants (\u00e0 Nadia qu\u2019on a connu en 1972, petite fille, \u00e0 l\u2019Acad\u00e9mie militaire), \u00e0 toute la famille \u00e9largie, \u00e0 tous les officiers qui ont connu le grand G\u00e9n\u00e9ral et \u00e0 l\u2019Olympique de B\u00e9ja (au sein duquel il a jou\u00e9 au football), mes plus sinc\u00e8res condol\u00e9ances.<\/p>\n<p><strong>Mohamed Nafti<\/strong><br \/>\u00a0<\/p>\n<p>Auteur:<br \/>\n<a href=\"https:\/\/www.leaders.com.tn\/article\/31668-deces-du-general-de-corps-d-armee-youssef-baraket-un-illustre-chef-militaire-tunisien\">Cliquez ici pour lire l&rsquo;article depuis sa source.<\/a><\/p>\n","protected":false},"excerpt":{"rendered":"<p>Par Mohamed Nafti, G\u00e9n\u00e9ral de Brigade (r) &#8211; Un grand g\u00e9n\u00e9ral (\u00e0 la retraite) de l\u2019Arm\u00e9e tunisienne nous quitte ce jour 4 avril 2012 \u00e0 l\u2019\u00e2ge de 86 ans. Le feu g\u00e9n\u00e9ral de corps d\u2019arm\u00e9e Youssef Baraket est d\u00e9c\u00e9d\u00e9. N\u00e9 le 3 f\u00e9vrier 1935 \u00e0 B\u00e9ja. Mari\u00e9 et p\u00e8re de 3 enfants. Incorpor\u00e9 le 25 [&hellip;]<\/p>\n","protected":false},"author":1772,"featured_media":0,"comment_status":"closed","ping_status":"closed","sticky":false,"template":"","format":"standard","meta":{"fifu_image_url":"\/uploads\/FCK_files\/Nafti-min.jpg","fifu_image_alt":"D\u00e9c\u00e8s du g\u00e9n\u00e9ral de corps d\u2019arm\u00e9e Youssef Baraket\u00a0: un illustre chef militaire tunisien","footnotes":""},"categories":[73,55],"tags":[],"class_list":["post-114262","post","type-post","status-publish","format-standard","hentry","category-actualite","category-tunisie"],"_links":{"self":[{"href":"https:\/\/linitiative.ca\/International\/wp-json\/wp\/v2\/posts\/114262","targetHints":{"allow":["GET"]}}],"collection":[{"href":"https:\/\/linitiative.ca\/International\/wp-json\/wp\/v2\/posts"}],"about":[{"href":"https:\/\/linitiative.ca\/International\/wp-json\/wp\/v2\/types\/post"}],"author":[{"embeddable":true,"href":"https:\/\/linitiative.ca\/International\/wp-json\/wp\/v2\/users\/1772"}],"replies":[{"embeddable":true,"href":"https:\/\/linitiative.ca\/International\/wp-json\/wp\/v2\/comments?post=114262"}],"version-history":[{"count":0,"href":"https:\/\/linitiative.ca\/International\/wp-json\/wp\/v2\/posts\/114262\/revisions"}],"wp:attachment":[{"href":"https:\/\/linitiative.ca\/International\/wp-json\/wp\/v2\/media?parent=114262"}],"wp:term":[{"taxonomy":"category","embeddable":true,"href":"https:\/\/linitiative.ca\/International\/wp-json\/wp\/v2\/categories?post=114262"},{"taxonomy":"post_tag","embeddable":true,"href":"https:\/\/linitiative.ca\/International\/wp-json\/wp\/v2\/tags?post=114262"}],"curies":[{"name":"wp","href":"https:\/\/api.w.org\/{rel}","templated":true}]}}