{"id":114266,"date":"2021-04-03T07:14:00","date_gmt":"2021-04-03T11:14:00","guid":{"rendered":"https:\/\/linitiative.ca\/International\/la-note-souveraine-du-maroc-degradee-dun-cran-par-sp\/"},"modified":"2021-04-03T07:14:00","modified_gmt":"2021-04-03T11:14:00","slug":"la-note-souveraine-du-maroc-degradee-dun-cran-par-sp","status":"publish","type":"post","link":"https:\/\/linitiative.ca\/International\/la-note-souveraine-du-maroc-degradee-dun-cran-par-sp\/","title":{"rendered":"La note souveraine du Maroc d\u00e9grad\u00e9e d\u2019un cran par S&amp;P"},"content":{"rendered":"<p><strong>L\u2019agence de notation\u00a0am\u00e9ricaine Standard &amp; Poor\u2019s ( S&amp;P ) a r\u00e9duit les notes \u00e0 long terme des devises \u00e9trang\u00e8res et locales du Maroc d\u2019un niveau \u00e0 BB + de BBB-, invoquant la contraction \u00e9conomique du pays et le d\u00e9ficit budg\u00e9taire croissant.<\/strong><\/p>\n<div class=\"c10\">\n<\/div>\n<p>La nouvelle notation a une perspective stable. S&amp;P avait auparavant une vision n\u00e9gative de la notation du Maroc.<\/p>\n<p><strong>Lire aussi |\u00a0<a href=\"https:\/\/www.challenge.ma\/relance-le-cve-prolonge-les-offres-de-garanties-et-plusieurs-mesures-de-soutien-a-leconomie-180355\/\">Relance : le CVE prolonge les offres de garanties et plusieurs mesures de soutien \u00e0 l\u2019\u00e9conomie<\/a><\/strong><\/p>\n<p>\u00abLa consolidation budg\u00e9taire entre 2021 et 2024 sera probablement lente\u00bb, a d\u00e9clar\u00e9 S&amp;P dans un communiqu\u00e9. Il s\u2019est \u00e9galement d\u00e9clar\u00e9 pr\u00e9occup\u00e9 par une augmentation des garanties de l\u2019\u00c9tat, qui \u00abpourrait exacerber davantage la pression budg\u00e9taire\u00bb.<\/p>\n<p>La r\u00e9vision \u00e0 la baisse permet \u00e0 S&amp;P de s\u2019aligner sur Moody\u2019s et Fitch, qui conf\u00e8rent \u00e9galement au Maroc sa note la plus \u00e9lev\u00e9e de non-investment grade.<\/p>\n<p><strong>Lire aussi|\u00a0<a href=\"https:\/\/www.challenge.ma\/maghreb-steel-le-sauvetage-de-la-derniere-chance-180288\/\">Maghreb Steel : le sauvetage de la derni\u00e8re chance ?<\/a><\/strong><\/p>\n<p>Auteur: Hajar DARI<br \/>\n<a href=\"https:\/\/www.challenge.ma\/la-note-souveraine-du-maroc-degradee-dun-cran-par-sp-180396\/\">Cliquez ici pour lire l&rsquo;article depuis sa source.<\/a><\/p>\n","protected":false},"excerpt":{"rendered":"<p>L\u2019agence de notation\u00a0am\u00e9ricaine Standard &amp; Poor\u2019s ( S&amp;P ) a r\u00e9duit les notes \u00e0 long terme des devises \u00e9trang\u00e8res et locales du Maroc d\u2019un niveau \u00e0 BB + de BBB-, invoquant la contraction \u00e9conomique du pays et le d\u00e9ficit budg\u00e9taire croissant. La nouvelle notation a une perspective stable. S&amp;P avait auparavant une vision n\u00e9gative de [&hellip;]<\/p>\n","protected":false},"author":1787,"featured_media":0,"comment_status":"closed","ping_status":"closed","sticky":false,"template":"","format":"standard","meta":{"fifu_image_url":"","fifu_image_alt":"","footnotes":""},"categories":[78,54],"tags":[],"class_list":["post-114266","post","type-post","status-publish","format-standard","hentry","category-economie","category-maroc"],"_links":{"self":[{"href":"https:\/\/linitiative.ca\/International\/wp-json\/wp\/v2\/posts\/114266","targetHints":{"allow":["GET"]}}],"collection":[{"href":"https:\/\/linitiative.ca\/International\/wp-json\/wp\/v2\/posts"}],"about":[{"href":"https:\/\/linitiative.ca\/International\/wp-json\/wp\/v2\/types\/post"}],"author":[{"embeddable":true,"href":"https:\/\/linitiative.ca\/International\/wp-json\/wp\/v2\/users\/1787"}],"replies":[{"embeddable":true,"href":"https:\/\/linitiative.ca\/International\/wp-json\/wp\/v2\/comments?post=114266"}],"version-history":[{"count":0,"href":"https:\/\/linitiative.ca\/International\/wp-json\/wp\/v2\/posts\/114266\/revisions"}],"wp:attachment":[{"href":"https:\/\/linitiative.ca\/International\/wp-json\/wp\/v2\/media?parent=114266"}],"wp:term":[{"taxonomy":"category","embeddable":true,"href":"https:\/\/linitiative.ca\/International\/wp-json\/wp\/v2\/categories?post=114266"},{"taxonomy":"post_tag","embeddable":true,"href":"https:\/\/linitiative.ca\/International\/wp-json\/wp\/v2\/tags?post=114266"}],"curies":[{"name":"wp","href":"https:\/\/api.w.org\/{rel}","templated":true}]}}