{"id":114272,"date":"2021-04-03T07:18:01","date_gmt":"2021-04-03T11:18:01","guid":{"rendered":"https:\/\/linitiative.ca\/International\/la-gestion-de-lepidemie-au-menu-des-hebdomadaires-marocains\/"},"modified":"2021-04-03T07:18:01","modified_gmt":"2021-04-03T11:18:01","slug":"la-gestion-de-lepidemie-au-menu-des-hebdomadaires-marocains","status":"publish","type":"post","link":"https:\/\/linitiative.ca\/International\/la-gestion-de-lepidemie-au-menu-des-hebdomadaires-marocains\/","title":{"rendered":"La gestion de l\u2019\u00e9pid\u00e9mie au menu des hebdomadaires marocains"},"content":{"rendered":"<div readability=\"32\">\n<p>Publi\u00e9 le 03.04.2021 \u00e0 12h18 par APA News<\/p>\n<\/div>\n<div readability=\"114\">\n<p>Les hebdomadaires marocains parus ce samedi s\u2019int\u00e9ressent \u00e0 la gestion de la pand\u00e9mie du Covid-19.+Finances news hebdo+ \u00e9crit qu\u2019un an apr\u00e8s le d\u00e9but de cette pand\u00e9mie mondiale, les autorit\u00e9s marocaines ont quand m\u00eame, globalement, bien g\u00e9r\u00e9 cette crise sanitaire.<\/p>\n<p>\u00ab Une crise qui a \u00e9t\u00e9, \u00e0 bien des \u00e9gards, une source d\u2019opportunit\u00e9s, un r\u00e9v\u00e9lateur de talents \u00bb, rel\u00e8ve l\u2019hebdomadaire, expliquant que le Royaume a pu se reconvertir en producteur et exportateur de masques, ainsi qu\u2019en producteur de kits de pr\u00e9l\u00e8vement PCR, 100% marocain, et divers autres mat\u00e9riels m\u00e9dicaux.<\/p>\n<p>Ce rappel est important, dans la mesure o\u00f9 il interpelle sur l\u2019utilit\u00e9, dans ce monde d\u2019aujourd\u2019hui et celui de demain, d\u2019avoir un tissu productif fort, avec des entreprises comp\u00e9titives, et surtout innovantes, souligne-t-il.<\/p>\n<p>A cet effet, le Maroc ambitionne de substituer pr\u00e8s de 83 milliards de dirhams d\u2019importations par une production locale, en vue d\u2019\u00ab aller vers plus de souverainet\u00e9 \u00e9conomique \u00bb, qui reste \u00ab le nerf de la guerre dans une \u00e9conomie mondiale o\u00f9 tous les dogmes ont \u00e9t\u00e9 remis en cause par la crise sanitaire \u00bb.<\/p>\n<p>Abordant la politique de communication du gouvernement, +Le Reporter+ \u00e9crit qu\u2019il ne reste plus que quelques jours avant que les Marocains n\u2019entament le mois de je\u00fbne, sans qu\u2019ils sachent comment s\u2019y pr\u00e9parer.<\/p>\n<p>Compte tenu de la situation sanitaire actuelle, que menacent les nouveaux variants du virus Covid-19, il est clair qu\u2019un retour \u00e0 la vie normale est exclu, mais personne au Gouvernement n\u2019a encore inform\u00e9 les citoyens de ce que sera leur mois de Ramadan, cette ann\u00e9e, d\u00e9plore la publication.<\/p>\n<p>Les Marocains ont beaucoup de questions sans r\u00e9ponses sur les mesures qui seront prises pendant ce mois, alors que les r\u00e9seaux sociaux, par contre, pullulent d\u2019indications dont nul ne sait si elles sont vraies ou fausses, note-t-il, appelant le gouvernement \u00e0 informer les citoyens en temps opportun, pas \u00e0 la veille du premier jour du ramadan.<\/p>\n<p>M\u00eame tonalit\u00e9 chez +La Nouvelle Tribune+, qui souligne que le mois sacr\u00e9 de Ramadan approche \u00e0 grande vitesse, mais que \u00ab les citoyens sont toujours plong\u00e9s dans la plus grande incertitude \u00bb.<\/p>\n<p>Aucune information officielle, sinon l\u2019annonce de la reconduction des mesures restrictives jusqu\u2019\u00e0 la mi-avril, regrette-t-il.<\/p>\n<p>Certes, on pressent bien que les autorit\u00e9s attendront la derni\u00e8re minute pour indiquer les proc\u00e9dures \u00e0 suivre, mais Ramadan n\u2019est pas un mois comme les autres et l\u2019opinion publique est particuli\u00e8rement attach\u00e9e aux pratiques, coutumes et traditions qui le caract\u00e9risent depuis si longtemps, fait-il remarquer, estimant \u00ab louable \u00bb que le gouvernement tient inform\u00e9s les citoyens plusieurs jours \u00e0 l\u2019avance sur les d\u00e9cisions qu\u2019il compte prendre.<\/p>\n<\/div>\n<p>Auteur: APA News<br \/>\n<a href=\"https:\/\/www.journalducameroun.com\/la-gestion-de-lepidemie-au-menu-des-hebdomadaires-marocains\/\">Cliquez ici pour lire l&rsquo;article depuis sa source.<\/a><\/p>\n","protected":false},"excerpt":{"rendered":"<p>Publi\u00e9 le 03.04.2021 \u00e0 12h18 par APA News Les hebdomadaires marocains parus ce samedi s\u2019int\u00e9ressent \u00e0 la gestion de la pand\u00e9mie du Covid-19.+Finances news hebdo+ \u00e9crit qu\u2019un an apr\u00e8s le d\u00e9but de cette pand\u00e9mie mondiale, les autorit\u00e9s marocaines ont quand m\u00eame, globalement, bien g\u00e9r\u00e9 cette crise sanitaire. \u00ab Une crise qui a \u00e9t\u00e9, \u00e0 bien [&hellip;]<\/p>\n","protected":false},"author":1965,"featured_media":0,"comment_status":"closed","ping_status":"closed","sticky":false,"template":"","format":"standard","meta":{"fifu_image_url":"","fifu_image_alt":"","footnotes":""},"categories":[73,82],"tags":[],"class_list":["post-114272","post","type-post","status-publish","format-standard","hentry","category-actualite","category-cameroun"],"_links":{"self":[{"href":"https:\/\/linitiative.ca\/International\/wp-json\/wp\/v2\/posts\/114272","targetHints":{"allow":["GET"]}}],"collection":[{"href":"https:\/\/linitiative.ca\/International\/wp-json\/wp\/v2\/posts"}],"about":[{"href":"https:\/\/linitiative.ca\/International\/wp-json\/wp\/v2\/types\/post"}],"author":[{"embeddable":true,"href":"https:\/\/linitiative.ca\/International\/wp-json\/wp\/v2\/users\/1965"}],"replies":[{"embeddable":true,"href":"https:\/\/linitiative.ca\/International\/wp-json\/wp\/v2\/comments?post=114272"}],"version-history":[{"count":0,"href":"https:\/\/linitiative.ca\/International\/wp-json\/wp\/v2\/posts\/114272\/revisions"}],"wp:attachment":[{"href":"https:\/\/linitiative.ca\/International\/wp-json\/wp\/v2\/media?parent=114272"}],"wp:term":[{"taxonomy":"category","embeddable":true,"href":"https:\/\/linitiative.ca\/International\/wp-json\/wp\/v2\/categories?post=114272"},{"taxonomy":"post_tag","embeddable":true,"href":"https:\/\/linitiative.ca\/International\/wp-json\/wp\/v2\/tags?post=114272"}],"curies":[{"name":"wp","href":"https:\/\/api.w.org\/{rel}","templated":true}]}}