{"id":114273,"date":"2021-04-03T08:18:03","date_gmt":"2021-04-03T12:18:03","guid":{"rendered":"https:\/\/linitiative.ca\/International\/la-cote-divoire-nouvelle-cible-djihadiste\/"},"modified":"2021-04-03T08:18:03","modified_gmt":"2021-04-03T12:18:03","slug":"la-cote-divoire-nouvelle-cible-djihadiste","status":"publish","type":"post","link":"https:\/\/linitiative.ca\/International\/la-cote-divoire-nouvelle-cible-djihadiste\/","title":{"rendered":"La C\u00f4te d\u2019Ivoire, nouvelle cible djihadiste ?"},"content":{"rendered":"<p>La C\u00f4te d\u2019Ivoire, cible r\u00e9cemment de deux attaques jihadistes dans le nord, illustre les ambitions des groupes islamistes arm\u00e9s bas\u00e9s au Sahel d\u2019\u00e9tendre leur champ d\u2019action aux pays du Golfe de Guin\u00e9e.C\u2019\u00e9tait dans la nuit du 28 au 29 mars. Ce soir-l\u00e0, des hommes arm\u00e9s ont attaqu\u00e9 deux positions de l\u2019arm\u00e9e ivoirienne situ\u00e9es \u00e0 la fronti\u00e8re avec le Burkina Faso. C\u2019\u00e9tait dans les localit\u00e9s de Kafolo et Kolobougou. Ces attaques op\u00e9r\u00e9es de mani\u00e8re simultan\u00e9e ont occasionn\u00e9 six morts et plusieurs bless\u00e9s. Parmi les personnes tu\u00e9es : trois soldats et trois assaillants. Un peu moins d\u2019un an auparavant, le 11 juin 2020, un assaut djihadiste, le premier survenu en C\u00f4te d\u2019Ivoire, a fait une dizaine de morts chez les militaires ivoiriens d\u00e9j\u00e0 \u00e0.\u2026Kafolo.<\/p>\n<p>La premi\u00e8re de ces nouvelles attaques jihadistes en territoire ivoirien, a eu lieu dans cette m\u00eame localit\u00e9 de Kafolo, pr\u00e8s de la ville de Kong, dans le Nord-Ouest. L\u2019attaque a eu lieu entre minuit et 1 heure du matin. Une soixantaine d\u2019hommes lourdement arm\u00e9s, venus du Burkina Faso, ont alors ouvert le feu sur un poste avanc\u00e9 de l\u2019arm\u00e9e, faisant deux soldats tu\u00e9s et quatre bless\u00e9s.<\/p>\n<p>Dans les combats, les assaillants perdront trois hommes. Quatre autres seront interpell\u00e9s, selon l\u2019Etat-major g\u00e9n\u00e9ral des arm\u00e9es de C\u00f4te d\u2019Ivoire, qui affirme que du mat\u00e9riel (armement, radio, munitions et motos) a \u00e9t\u00e9 saisi.<\/p>\n<p>L\u2019arm\u00e9e r\u00e9guli\u00e8re a, au bout d\u2019une heure de combat intense, repouss\u00e9 les assaillants. Ensuite, s\u2019en est suivie une op\u00e9ration militaire de ratissage sur le terrain pour rechercher les assaillants en fuite ainsi que leurs \u00e9ventuels complices.<\/p>\n<p>La deuxi\u00e8me attaque est survenue \u00e0 Kolobougou, \u00e0 60 Km au nord-ouest du d\u00e9partement de T\u00e9hini, faisant fronti\u00e8re avec le Burkina Faso o\u00f9 un poste de la gendarmerie a \u00e9t\u00e9 pris d\u2019assaut.<\/p>\n<p>Selon une note de l\u2019Etat-major des arm\u00e9es de C\u00f4te d\u2019Ivoire, \u00ab un gendarme ivoirien a \u00e9t\u00e9 tu\u00e9 et un autre bless\u00e9\u00a0\u00bb. Aucune victime cependant n\u2019a \u00e9t\u00e9 enregistr\u00e9e du c\u00f4t\u00e9 des auteurs de l\u2019attaque sur ce poste-fronti\u00e8re.<\/p>\n<p>L\u2019assaut contre ce poste de gendarmerie \u00e0 Kolobougou a eu lieu entre \u00ab 2 h et 3h du matin \u00bb, a indiqu\u00e9 \u00e0 APA une source locale, rapportant que \u00ab les populations actuellement sont gagn\u00e9es par la frayeur et ne peuvent pas sereinement aller dans leurs champs et vaquer \u00e0 leurs occupations \u00bb.<\/p>\n<p>Les postes sont sous surveillance de l\u2019arm\u00e9e ivoirienne dans la localit\u00e9 et la pr\u00e9sence des militaires venus en renfort fait que les riverains ont un peu peur, poursuit cet habitant de la r\u00e9gion qui a requis l\u2019anonymat.<\/p>\n<p>La C\u00f4te d\u2019Ivoire dans le viseur des djihadistes<\/p>\n<p>\u00ab Ces attaques d\u00e9notent du fait que la C\u00f4te d\u2019Ivoire est clairement dans le projet expansionniste des groupes terroristes \u00bb, analyse Lacina Diarra, sp\u00e9cialiste des questions de s\u00e9curit\u00e9 dans la r\u00e9gion Sahel-Sahara. Les jihadistes \u00ab veulent se cr\u00e9er un sanctuaire au niveau de la zone frontali\u00e8re entre le Burkina-Faso, le Mali et la C\u00f4te d\u2019Ivoire \u00bb, explique cet expert ivoirien, confortant une th\u00e8se soutenue r\u00e9cemment par le chef du renseignement ext\u00e9rieur fran\u00e7ais, Bernard Emi\u00e9.<\/p>\n<p>Lors d\u2019une r\u00e9union consacr\u00e9e au contre-terrorisme tenue d\u00e9but f\u00e9vrier sur la base a\u00e9rienne d\u2019Orl\u00e9ans, en France, le patron des 7.000 espions et analystes fran\u00e7ais de la DGSE avait pr\u00e9venu qu\u2019il fallait se pr\u00e9parer \u00e0 la fois des attentats des grande ampleur et l\u2019expansion jihadiste vers les pays du golfe comme la Guin\u00e9e, la C\u00f4te d\u2019Ivoire ou le B\u00e9nin.<\/p>\n<p>Pour une grande partie des experts en s\u00e9curit\u00e9, pour mieux se pr\u00e9parer \u00e0 contrer une telle \u00e9ventualit\u00e9, le gouvernement ivoirien doit s\u2019atteler rapidement \u00ab \u00e0 casser la cha\u00eene de recrutement, d\u00e9velopper des strat\u00e9gies transnationales tout en impliquant les communaut\u00e9s et la soci\u00e9t\u00e9 civile \u00bb.<\/p>\n<p>Op\u00e9ration \u00ab fronti\u00e8res \u00e9tanches \u00bb<\/p>\n<p>Suite \u00e0 la premi\u00e8re attaque survenue l\u2019ann\u00e9e derni\u00e8re \u00e0 Kafolo, le gouvernement ivoirien a adopt\u00e9 un d\u00e9cret portant cr\u00e9ation d\u2019une \u00ab Zone op\u00e9rationnelle Nord \u00bb qui s\u2019\u00e9tend dans les r\u00e9gions situ\u00e9es sur les fronti\u00e8res entre la C\u00f4te d\u2019Ivoire, le Mali et le Burkina Faso.<\/p>\n<p>Cette \u00ab Zone op\u00e9rationnelle Nord \u00bb vise \u00e0 passer de la phase de surveillance des fronti\u00e8res \u00e0 une posture d\u00e9fensive avec une importante capacit\u00e9 de r\u00e9versibilit\u00e9 en mission offensive en vue d\u2019emp\u00eacher toute infiltration de ces groupes arm\u00e9s sur le sol ivoirien.<\/p>\n<p>Avec un commandement unique pour les op\u00e9rations militaires et celles relevant de la d\u00e9fense du territoire, l\u2019Etat ivoirien veut permettre \u00e0 l\u2019ensemble des forces de d\u00e9fense et de s\u00e9curit\u00e9 d\u2019avoir une rapide r\u00e9activit\u00e9 sur les missions au niveau des fronti\u00e8res.<\/p>\n<p>\u00a0Visite aux troupes<\/p>\n<p>Le chef d\u2019Etat-major g\u00e9n\u00e9ral des arm\u00e9es, le g\u00e9n\u00e9ral de corps d\u2019arm\u00e9e Lassina Doumbia, a d\u2019ailleurs effectu\u00e9, lundi 31 mars, une visite aux troupes, en compagnie du commandant sup\u00e9rieur de la gendarmerie, le g\u00e9n\u00e9ral de corps d\u2019arm\u00e9e Apalo Tour\u00e9. \u00ab Je voudrais vous f\u00e9liciter, vous dire nos encouragements, vous adresser nos condol\u00e9ances et vous dire que vous avez \u00e9t\u00e9 braves, au vu des circonstances et des efforts que vous avez faits, on ne peut que vous le reconna\u00eetre \u00bb, a dit le g\u00e9n\u00e9ral Lassina Doumbia \u00e0 ses hommes, \u00e0 Kafolo.<\/p>\n<p>\u00ab \u00c0 mon avis, de par mon exp\u00e9rience, en combat de nuit alors qu\u2019on est surpris, perdre deux hommes, c\u2019est que vous \u00eates bons (soldats), vous savez vous battre parce que la nuit, quand on voit quelqu\u2019un passer, on ne sait pas si c\u2019est son ami ou c\u2019est son ennemi. Entre nous-m\u00eames, on peut s\u2019allumer parce que c\u2019est compliqu\u00e9 \u00bb, a-t-il ajout\u00e9.<\/p>\n<p>Pour sa part, le commandement sup\u00e9rieur de la gendarmerie, a demand\u00e9 aux soldats \u00ab d\u2019avoir de la r\u00e9action \u00bb, car \u00ab il faut \u00eatre pr\u00eat \u00e0 utiliser son arme \u00bb, a-t-il martel\u00e9.<\/p>\n<p>Auteur: APA News<br \/>\n<a href=\"https:\/\/www.journalducameroun.com\/la-cote-divoire-nouvelle-cible-djihadiste\/\">Cliquez ici pour lire l&rsquo;article depuis sa source.<\/a><\/p>\n","protected":false},"excerpt":{"rendered":"<p>La C\u00f4te d\u2019Ivoire, cible r\u00e9cemment de deux attaques jihadistes dans le nord, illustre les ambitions des groupes islamistes arm\u00e9s bas\u00e9s au Sahel d\u2019\u00e9tendre leur champ d\u2019action aux pays du Golfe de Guin\u00e9e.C\u2019\u00e9tait dans la nuit du 28 au 29 mars. Ce soir-l\u00e0, des hommes arm\u00e9s ont attaqu\u00e9 deux positions de l\u2019arm\u00e9e ivoirienne situ\u00e9es \u00e0 la [&hellip;]<\/p>\n","protected":false},"author":1965,"featured_media":0,"comment_status":"closed","ping_status":"closed","sticky":false,"template":"","format":"standard","meta":{"fifu_image_url":"","fifu_image_alt":"","footnotes":""},"categories":[73,82],"tags":[],"class_list":["post-114273","post","type-post","status-publish","format-standard","hentry","category-actualite","category-cameroun"],"_links":{"self":[{"href":"https:\/\/linitiative.ca\/International\/wp-json\/wp\/v2\/posts\/114273","targetHints":{"allow":["GET"]}}],"collection":[{"href":"https:\/\/linitiative.ca\/International\/wp-json\/wp\/v2\/posts"}],"about":[{"href":"https:\/\/linitiative.ca\/International\/wp-json\/wp\/v2\/types\/post"}],"author":[{"embeddable":true,"href":"https:\/\/linitiative.ca\/International\/wp-json\/wp\/v2\/users\/1965"}],"replies":[{"embeddable":true,"href":"https:\/\/linitiative.ca\/International\/wp-json\/wp\/v2\/comments?post=114273"}],"version-history":[{"count":0,"href":"https:\/\/linitiative.ca\/International\/wp-json\/wp\/v2\/posts\/114273\/revisions"}],"wp:attachment":[{"href":"https:\/\/linitiative.ca\/International\/wp-json\/wp\/v2\/media?parent=114273"}],"wp:term":[{"taxonomy":"category","embeddable":true,"href":"https:\/\/linitiative.ca\/International\/wp-json\/wp\/v2\/categories?post=114273"},{"taxonomy":"post_tag","embeddable":true,"href":"https:\/\/linitiative.ca\/International\/wp-json\/wp\/v2\/tags?post=114273"}],"curies":[{"name":"wp","href":"https:\/\/api.w.org\/{rel}","templated":true}]}}