{"id":114274,"date":"2021-04-03T08:18:03","date_gmt":"2021-04-03T12:18:03","guid":{"rendered":"https:\/\/linitiative.ca\/International\/politique-et-discours-a-la-nation-de-macky-sall-a-la-une\/"},"modified":"2021-04-03T08:18:03","modified_gmt":"2021-04-03T12:18:03","slug":"politique-et-discours-a-la-nation-de-macky-sall-a-la-une","status":"publish","type":"post","link":"https:\/\/linitiative.ca\/International\/politique-et-discours-a-la-nation-de-macky-sall-a-la-une\/","title":{"rendered":"Politique et discours \u00e0 la nation de Macky Sall \u00e0 la Une"},"content":{"rendered":"<div readability=\"32\">\n<p>Publi\u00e9 le 03.04.2021 \u00e0 13h18 par APA News<\/p>\n<\/div>\n<div readability=\"81\">\n<p>Les quotidiens s\u00e9n\u00e9galais, parvenus ce samedi \u00e0 APA, reviennent sur le report des \u00e9lections Locales et le discours \u00e0 la nation de Macky Sall \u00e0 la veille de la f\u00eate de l\u2019ind\u00e9pendance.L\u2019AS explique que \u00ab l\u2019Etat tranche le d\u00e9bat \u00bb. Les Locales initialement pr\u00e9vues en d\u00e9cembre se tiendront finalement le 31 janvier 2022 note le journal. R\u00e9unis en pl\u00e9ni\u00e8re vendredi, les d\u00e9put\u00e9s ont adopt\u00e9 un projet de loi portant report des \u00e9lections territoriales et prorogation du mandat des conseillers d\u00e9partementaux et municipaux.<\/p>\n<p>\u00ab Macky (Sall) coupe la poire en deux \u00bb notre EnQuete qui souligne qu\u2019entre l\u2019opposition qui voulait une tenue en d\u00e9cembre 2021 et la majorit\u00e9 qui voulait une \u00e9lection en f\u00e9vrier 2022, un amendement fixant les Locales en janvier 2022 a \u00e9t\u00e9 adopt\u00e9 par les d\u00e9put\u00e9s.<\/p>\n<p>Dans\u00a0Le Soleil, le ministre de l\u2019Int\u00e9rieur explique les raisons du report \u00ab li\u00e9s notamment \u00e0 l\u2019\u00e9valuation du processus \u00e9lectoral et l\u2019audit du fichier \u00bb \u00a0sans oublier la pand\u00e9mie de la Covid-19 et ses contraintes.<\/p>\n<p>Le report des \u00e9lections locales a \u00e9t\u00e9 vot\u00e9 \u00ab \u00e0 la majorit\u00e9 des d\u00e9put\u00e9s \u00bb renseigne Sud Quotidien qui explique que \u00ab l\u2019Assembl\u00e9e (nationale) donne sa caution \u00bb.\u00a0<\/p>\n<p>Vox Populi \u00e9voque \u00ab une folle journ\u00e9e de proc\u00e9dures et d\u00e9bats houleux entre le pouvoir et l\u2019opposition \u00bb qui craint d\u00e9sormais le report des l\u00e9gislatives en 2024. Antoine Diome assailli de questions par l\u2019opposition a r\u00e9sist\u00e9 jusqu\u2019\u00e0 l\u2019adoption du projet de loi.\u00a0<\/p>\n<p>L\u2019autre sujet phare des journaux de ce samedi, est l\u2019adresse \u00e0 la nation de Macky Sall \u00e0 la veille de la f\u00eate de l\u2019ind\u00e9pendance du 4 avril. \u00ab Sweet d\u2019un message \u00bb indique Le Quotidien faisant allusion \u00e0 l\u2019affaire \u00ab Sweet beaut\u00e9 \u00bb, dans laquelle l\u2019opposant Ousmane Sonko, leader du Parti Pastef\/Les Patriotes \u00e9tait accus\u00e9 de \u00ab viols r\u00e9p\u00e9t\u00e9s suivis de menaces de mort \u00bb par une masseuse dans un salon d\u00e9nomm\u00e9 \u00ab Sweet beaut\u00e9 \u00bb. Le journal ajoute que Macky Sall se livrera \u00e0 une s\u00e9ance de massage destin\u00e9e \u00e0 une \u00ab nation convalescente \u00bb.<\/p>\n<p>L\u2019Observateur pose une s\u00e9rie d\u2019interrogations sur la teneur du discours de ce soir. \u00ab Quelle devrait \u00eatre la teneur de son discours ? Sur quoi devrait-il axer son speech pour susciter un brin d\u00a0\u00bbspoir chez les jeunes hant\u00e9s par le ch\u00f4mage et l\u2019oisivet\u00e9 ? \u00bb se demande le journal\u00a0dans un pays marqu\u00e9 par les \u00e9meutes de mars dernier.<\/p>\n<p>Le journal L\u2019AS revient sur +la paix des braves dans le secteur de la p\u00eache+ qui naviguait en eaux troubles depuis quelque ann\u00e9es. \u00ab Le Gaipes et le Caps autour du ministre Alioune Ndoye \u00bb souligne le journal.\u00a0<\/p>\n<p>En sport, le week-end sera marqu\u00e9 par le retour de la lutte avec frappe dans les ar\u00e8nes s\u00e9n\u00e9galaises apr\u00e8s plusieurs mois d\u2019arr\u00eat \u00e0 cause de la pand\u00e9mie du coronavirus. Record pr\u00e9sente l\u2019affiche Lac de Guiers 2 et Eumeu Sene qui vont en d\u00e9coudre pour la troisi\u00e8me fois ce dimanche 4 avril \u00e0 l\u2019Ar\u00e8ne nationale.\u00a0<\/p>\n<p>Stades de son c\u00f4t\u00e9 revient sur elle choc au sommet de Ligue 1 en France entre le Psg et Lille crucial dans la course au\u00a0titre.<\/p>\n<\/div>\n<p>Auteur: APA News<br \/>\n<a href=\"https:\/\/www.journalducameroun.com\/politique-et-discours-a-la-nation-de-macky-sall-a-la-une\/\">Cliquez ici pour lire l&rsquo;article depuis sa source.<\/a><\/p>\n","protected":false},"excerpt":{"rendered":"<p>Publi\u00e9 le 03.04.2021 \u00e0 13h18 par APA News Les quotidiens s\u00e9n\u00e9galais, parvenus ce samedi \u00e0 APA, reviennent sur le report des \u00e9lections Locales et le discours \u00e0 la nation de Macky Sall \u00e0 la veille de la f\u00eate de l\u2019ind\u00e9pendance.L\u2019AS explique que \u00ab l\u2019Etat tranche le d\u00e9bat \u00bb. Les Locales initialement pr\u00e9vues en d\u00e9cembre se [&hellip;]<\/p>\n","protected":false},"author":1965,"featured_media":0,"comment_status":"closed","ping_status":"closed","sticky":false,"template":"","format":"standard","meta":{"fifu_image_url":"","fifu_image_alt":"","footnotes":""},"categories":[73,82],"tags":[],"class_list":["post-114274","post","type-post","status-publish","format-standard","hentry","category-actualite","category-cameroun"],"_links":{"self":[{"href":"https:\/\/linitiative.ca\/International\/wp-json\/wp\/v2\/posts\/114274","targetHints":{"allow":["GET"]}}],"collection":[{"href":"https:\/\/linitiative.ca\/International\/wp-json\/wp\/v2\/posts"}],"about":[{"href":"https:\/\/linitiative.ca\/International\/wp-json\/wp\/v2\/types\/post"}],"author":[{"embeddable":true,"href":"https:\/\/linitiative.ca\/International\/wp-json\/wp\/v2\/users\/1965"}],"replies":[{"embeddable":true,"href":"https:\/\/linitiative.ca\/International\/wp-json\/wp\/v2\/comments?post=114274"}],"version-history":[{"count":0,"href":"https:\/\/linitiative.ca\/International\/wp-json\/wp\/v2\/posts\/114274\/revisions"}],"wp:attachment":[{"href":"https:\/\/linitiative.ca\/International\/wp-json\/wp\/v2\/media?parent=114274"}],"wp:term":[{"taxonomy":"category","embeddable":true,"href":"https:\/\/linitiative.ca\/International\/wp-json\/wp\/v2\/categories?post=114274"},{"taxonomy":"post_tag","embeddable":true,"href":"https:\/\/linitiative.ca\/International\/wp-json\/wp\/v2\/tags?post=114274"}],"curies":[{"name":"wp","href":"https:\/\/api.w.org\/{rel}","templated":true}]}}