{"id":114275,"date":"2021-04-03T11:28:01","date_gmt":"2021-04-03T15:28:01","guid":{"rendered":"https:\/\/linitiative.ca\/International\/cameroun-linacceptable-profanation-de-la-depouille-du-cardinal-christian-tumi\/"},"modified":"2021-04-03T11:28:01","modified_gmt":"2021-04-03T15:28:01","slug":"cameroun-linacceptable-profanation-de-la-depouille-du-cardinal-christian-tumi","status":"publish","type":"post","link":"https:\/\/linitiative.ca\/International\/cameroun-linacceptable-profanation-de-la-depouille-du-cardinal-christian-tumi\/","title":{"rendered":"Cameroun : l\u2019inacceptable profanation de la d\u00e9pouille du Cardinal Christian Tumi"},"content":{"rendered":"<div readability=\"32\">\n<p>Publi\u00e9 le 03.04.2021 \u00e0 16h28 par Christian DJIMADEU<\/p>\n<\/div>\n<div readability=\"49\">\n<h5>Une vid\u00e9o tourn\u00e9e apr\u00e8s la mort du pr\u00e9lat, pr\u00e9sente les manoeuvres de son corps en vue du d\u00e9part \u00e0 la morgue. L\u2019enregistrement a \u00e9t\u00e9 ensuite partag\u00e9 sur les r\u00e9seaux sociaux.<\/h5>\n<p>La nouvelle de la mort du Cardinal Christian Tumi s\u2019est \u00e0\u00a0 peine propag\u00e9e qu\u2019une autre histoire autour de son corps fait le buzz. Une des personnes pr\u00e9sentes autour de l\u2019Archev\u00eaque \u00e9m\u00e9rite de Douala lorsqu\u2019il a rendu l\u2019\u00e2me ce 3 avril 2021, a film\u00e9 son corps\u00a0fra\u00eechement coup\u00e9 du souffle, allong\u00e9 dans une chambre,\u00a0 et publi\u00e9 sur les r\u00e9seaux sociaux.\u00a0<\/p>\n<p>Les paroles de l\u2019auteur de la vid\u00e9o ainsi que celles des personnes qui l\u2019entourent,\u00a0 laissent comprendre qu\u2019ils manoeuvrent le corps en vue de son transf\u00e8rement \u00e0 la morgue. Cet enregistrement qui porte atteinte \u00e0 la pudeur suscite une vive indignation sur la toile. Les r\u00e9actions fusent de partout pour condamner\u00a0 l\u2019acte de profanation du corps du serviteur de l\u2019\u00c9glise catholique d\u00e9c\u00e9d\u00e9 \u00e0 91 ans.<\/p>\n<div id=\"attachment_385595\" class=\"wp-caption alignnone c10\"><img loading=\"lazy\" decoding=\"async\" class=\"size-medium wp-image-385595\" src=\"https:\/\/www.journalducameroun.com\/wp-content\/uploads\/2021\/04\/IMG-20210403-WA0022-300x225.jpg\" alt=\"\" width=\"300\" height=\"225\" srcset=\"https:\/\/www.journalducameroun.com\/wp-content\/uploads\/2021\/04\/IMG-20210403-WA0022-300x225.jpg 300w, https:\/\/www.journalducameroun.com\/wp-content\/uploads\/2021\/04\/IMG-20210403-WA0022.jpg 474w\" sizes=\"auto, (max-width: 300px) 100vw, 300px\"\/><\/p>\n<p class=\"wp-caption-text\">Tweet du Minsant\u00e9<\/p>\n<\/div>\n<p>Via un tweet\u00a0 sur Twitter, le ministre le Sant\u00e9 publique, le Dr Manaouda Malachie annonce l\u2019ouverture d\u2019une enqu\u00eate pour rattraper l\u2019auteur de\u00a0 la vid\u00e9o ind\u00e9cente.<\/p>\n<\/div>\n<p>Auteur: Christian DJIMADEU<br \/>\n<a href=\"https:\/\/www.journalducameroun.com\/cameroun-linacceptable-profanation-de-la-depouille-du-cardinal-christian-tumi-cameroun\/\">Cliquez ici pour lire l&rsquo;article depuis sa source.<\/a><\/p>\n","protected":false},"excerpt":{"rendered":"<p>Publi\u00e9 le 03.04.2021 \u00e0 16h28 par Christian DJIMADEU Une vid\u00e9o tourn\u00e9e apr\u00e8s la mort du pr\u00e9lat, pr\u00e9sente les manoeuvres de son corps en vue du d\u00e9part \u00e0 la morgue. L\u2019enregistrement a \u00e9t\u00e9 ensuite partag\u00e9 sur les r\u00e9seaux sociaux. La nouvelle de la mort du Cardinal Christian Tumi s\u2019est \u00e0\u00a0 peine propag\u00e9e qu\u2019une autre histoire autour [&hellip;]<\/p>\n","protected":false},"author":1965,"featured_media":0,"comment_status":"closed","ping_status":"closed","sticky":false,"template":"","format":"standard","meta":{"fifu_image_url":"https:\/\/www.journalducameroun.com\/wp-content\/uploads\/2021\/04\/IMG-20210403-WA0022-300x225.jpg","fifu_image_alt":"Cameroun : l\u2019inacceptable profanation de la d\u00e9pouille du Cardinal Christian Tumi","footnotes":""},"categories":[73,82],"tags":[],"class_list":["post-114275","post","type-post","status-publish","format-standard","hentry","category-actualite","category-cameroun"],"_links":{"self":[{"href":"https:\/\/linitiative.ca\/International\/wp-json\/wp\/v2\/posts\/114275","targetHints":{"allow":["GET"]}}],"collection":[{"href":"https:\/\/linitiative.ca\/International\/wp-json\/wp\/v2\/posts"}],"about":[{"href":"https:\/\/linitiative.ca\/International\/wp-json\/wp\/v2\/types\/post"}],"author":[{"embeddable":true,"href":"https:\/\/linitiative.ca\/International\/wp-json\/wp\/v2\/users\/1965"}],"replies":[{"embeddable":true,"href":"https:\/\/linitiative.ca\/International\/wp-json\/wp\/v2\/comments?post=114275"}],"version-history":[{"count":0,"href":"https:\/\/linitiative.ca\/International\/wp-json\/wp\/v2\/posts\/114275\/revisions"}],"wp:attachment":[{"href":"https:\/\/linitiative.ca\/International\/wp-json\/wp\/v2\/media?parent=114275"}],"wp:term":[{"taxonomy":"category","embeddable":true,"href":"https:\/\/linitiative.ca\/International\/wp-json\/wp\/v2\/categories?post=114275"},{"taxonomy":"post_tag","embeddable":true,"href":"https:\/\/linitiative.ca\/International\/wp-json\/wp\/v2\/tags?post=114275"}],"curies":[{"name":"wp","href":"https:\/\/api.w.org\/{rel}","templated":true}]}}