{"id":114276,"date":"2021-04-03T17:18:02","date_gmt":"2021-04-03T21:18:02","guid":{"rendered":"https:\/\/linitiative.ca\/International\/affaire-ben-badi-poursuivi-pour-viol-lenquete-connaitra-son-denouement-procureur\/"},"modified":"2021-04-03T17:18:02","modified_gmt":"2021-04-03T21:18:02","slug":"affaire-ben-badi-poursuivi-pour-viol-lenquete-connaitra-son-denouement-procureur","status":"publish","type":"post","link":"https:\/\/linitiative.ca\/International\/affaire-ben-badi-poursuivi-pour-viol-lenquete-connaitra-son-denouement-procureur\/","title":{"rendered":"Affaire Ben Badi \u00ab\u00a0poursuivi pour viol\u00a0\u00bb: l\u2019enqu\u00eate conna\u00eetra son \u00ab\u00a0d\u00e9nouement\u00a0\u00bb (procureur)"},"content":{"rendered":"<div readability=\"32\">\n<p>Publi\u00e9 le 03.04.2021 \u00e0 22h18 par APA News<\/p>\n<\/div>\n<div readability=\"63\">\n<p>L\u2019enqu\u00eate concernant l\u2019affaire Abdoulaye Traor\u00e9 dit \u00ab\u00a0Ben Badi\u00a0\u00bb, l\u2019ancien buteur de l\u2019\u00e9quipe de football de C\u00f4te d\u2019Ivoire, \u00ab\u00a0poursuivi pour viol\u00a0\u00bb, conna\u00eetra son \u00ab\u00a0d\u00e9nouement\u00a0\u00bb, assure le procureur de la R\u00e9publique adjoint, Y\u00e9o Abel Nangb\u00e9l\u00e9.<\/p>\n<p>Dans un communiqu\u00e9, le procureur de la R\u00e9publique adjoint fait observer que \u00ab\u00a0depuis quelques jours, des informations circulent, faisant \u00e9tat de ce que M. Abdoulaye Traor\u00e9 dit Ben Badi, poursuivi pour les faits de viol, a \u00e9t\u00e9 blanchi par le juge\u00a0\u00bb.<\/p>\n<p>\u00ab\u00a0Le procureur de la R\u00e9publique tient \u00e0 indiquer que ces all\u00e9gations sont sans fondement et que la proc\u00e9dure concernant M. Abdoulaye Traor\u00e9, plac\u00e9 sous mandat de d\u00e9p\u00f4t le 8 mars 2021 et sous contr\u00f4le judiciaire par le juge d\u2019instruction le 29 mars, est en cours\u00a0\u00bb, souligne le texte.<\/p>\n<p>L\u2019affaire \u00ab\u00a0conna\u00eetra le d\u00e9nouement que les \u00e9l\u00e9ments de l\u2019enqu\u00eate appelleront\u00a0\u00bb, d\u00e9clare le procureur de la R\u00e9publique adjoint, Y\u00e9o Abel Nangb\u00e9l\u00e9, comme pour afficher la s\u00e9r\u00e9nit\u00e9 de la justice, bien que se soit une c\u00e9l\u00e8bre personnalit\u00e9 dans le pays.\u00a0<\/p>\n<\/div>\n<p>Auteur: APA News<br \/>\n<a href=\"https:\/\/www.journalducameroun.com\/affaire-ben-badi-poursuivi-pour-viol-lenquete-connaitra-son-denouement-procureur\/\">Cliquez ici pour lire l&rsquo;article depuis sa source.<\/a><\/p>\n","protected":false},"excerpt":{"rendered":"<p>Publi\u00e9 le 03.04.2021 \u00e0 22h18 par APA News L\u2019enqu\u00eate concernant l\u2019affaire Abdoulaye Traor\u00e9 dit \u00ab\u00a0Ben Badi\u00a0\u00bb, l\u2019ancien buteur de l\u2019\u00e9quipe de football de C\u00f4te d\u2019Ivoire, \u00ab\u00a0poursuivi pour viol\u00a0\u00bb, conna\u00eetra son \u00ab\u00a0d\u00e9nouement\u00a0\u00bb, assure le procureur de la R\u00e9publique adjoint, Y\u00e9o Abel Nangb\u00e9l\u00e9. Dans un communiqu\u00e9, le procureur de la R\u00e9publique adjoint fait observer que \u00ab\u00a0depuis quelques [&hellip;]<\/p>\n","protected":false},"author":1965,"featured_media":0,"comment_status":"closed","ping_status":"closed","sticky":false,"template":"","format":"standard","meta":{"fifu_image_url":"","fifu_image_alt":"","footnotes":""},"categories":[73,82],"tags":[],"class_list":["post-114276","post","type-post","status-publish","format-standard","hentry","category-actualite","category-cameroun"],"_links":{"self":[{"href":"https:\/\/linitiative.ca\/International\/wp-json\/wp\/v2\/posts\/114276","targetHints":{"allow":["GET"]}}],"collection":[{"href":"https:\/\/linitiative.ca\/International\/wp-json\/wp\/v2\/posts"}],"about":[{"href":"https:\/\/linitiative.ca\/International\/wp-json\/wp\/v2\/types\/post"}],"author":[{"embeddable":true,"href":"https:\/\/linitiative.ca\/International\/wp-json\/wp\/v2\/users\/1965"}],"replies":[{"embeddable":true,"href":"https:\/\/linitiative.ca\/International\/wp-json\/wp\/v2\/comments?post=114276"}],"version-history":[{"count":0,"href":"https:\/\/linitiative.ca\/International\/wp-json\/wp\/v2\/posts\/114276\/revisions"}],"wp:attachment":[{"href":"https:\/\/linitiative.ca\/International\/wp-json\/wp\/v2\/media?parent=114276"}],"wp:term":[{"taxonomy":"category","embeddable":true,"href":"https:\/\/linitiative.ca\/International\/wp-json\/wp\/v2\/categories?post=114276"},{"taxonomy":"post_tag","embeddable":true,"href":"https:\/\/linitiative.ca\/International\/wp-json\/wp\/v2\/tags?post=114276"}],"curies":[{"name":"wp","href":"https:\/\/api.w.org\/{rel}","templated":true}]}}