{"id":114277,"date":"2021-04-03T03:40:23","date_gmt":"2021-04-03T07:40:23","guid":{"rendered":"https:\/\/linitiative.ca\/International\/le-cardinal-christian-tumi-est-mort\/"},"modified":"2021-04-03T03:40:23","modified_gmt":"2021-04-03T07:40:23","slug":"le-cardinal-christian-tumi-est-mort","status":"publish","type":"post","link":"https:\/\/linitiative.ca\/International\/le-cardinal-christian-tumi-est-mort\/","title":{"rendered":"Le Cardinal Christian Tumi est mort"},"content":{"rendered":"<p>Apr\u00e8s une semaine de maladie, c\u2019est aux environs de 3 heures du matin que l\u2019Archev\u00eaque \u00c9m\u00e9rite de la ville de Douala a rendu l\u2019\u00e2me \u00e0 Douala. Le Cardinal Christian Tumi s\u2019en est all\u00e9 en pleine c\u00e9l\u00e9bration de la semaine sainte pascale. L\u2019annonce de sa mort a \u00e9t\u00e9 rendue publique par l\u2019Archev\u00eaque m\u00e9tropolitain de la ville de Douala, Monseigneur Samuel Kleda. Au m\u00eame moment que la radio confessionnelle catholique \u00abRadio Veritas\u00bb. L\u2019archev\u00eaque \u00e9m\u00e9rite est mort, d\u2019apr\u00e8s des sources proches, de suite de maladie. Les apparitions du Cardinal Christian Tumi de faisaient en effet de plus en plus rares du fait de sa sant\u00e9 fragile. L\u2019une de ses derni\u00e8res apparitions rocambolesques restera incontestablement l\u2019image de sa lib\u00e9ration le 5 novembre 2020 par des s\u00e9cessionnistes anglophones, apr\u00e8s un rapt \u00e9clair.<\/p>\n<p>Christian Tumi a eu une vie religieuse, civile et politique riche et intense. C\u2019est en 1966, le 17 avril,\u00a0 qu\u2019il est ordonn\u00e9 pr\u00eatre officiant du Dioc\u00e8se de Buea, dans la R\u00e9gion du Sud-Ouest, par Monseigneur Julius Peeters. Son sacerdoce religieux sera marqu\u00e9 par un apprentissage universitaire et canonique approfondi. Il poursuivra une formation y relative au Nigeria (Sciences de l\u2019\u00e9ducation), puis en Grande Bretagne, pr\u00e9cis\u00e9ment \u00e0 Londres. Arriv\u00e9 en France, il embrasse des \u00e9tudes de th\u00e9ologie \u00e0 l\u2019Institut catholique de Lyon en France. Une curiosit\u00e9 pour ses paires, \u00e9tonn\u00e9s de c\u00f4toyer un \u00e9tudiant d\u2019ob\u00e9dience linguistique anglophone, inscrit dans une facult\u00e9 de th\u00e9ologie de langue fran\u00e7aise. Le jeune Christian Wiyghan Tumi va n\u00e9anmoins d\u00e9crocher avec brio sa licence en philosophie, puis un Doctorat \u00e0 l\u2019universit\u00e9 de Fribourg en Suisse. Apr\u00e8s son retour au Cameroun, le pr\u00e9lat sera port\u00e9 par Rome au poste de Recteur du Grand S\u00e9minaire R\u00e9gional de Bambui dans l\u2019Archidioc\u00e8se de Bamenda, R\u00e9gion du Nord-ouest.<\/p>\n<p>Peu de temps apr\u00e8s, le 6 d\u00e9cembre 1979 jusqu\u2019au 19 novembre 1982, il sera nomm\u00e9 Ev\u00eaque de Yagoua dans la R\u00e9gion du Nord, et consacr\u00e9 le 6 janvier 1980, par le Pape Jean Paul II. Le 19 novembre 1982, il devient Archev\u00eaque coadjuteur de Garoua (19 novembre 1982-17 mars 1984). Puis, Archev\u00eaque dans le m\u00eame Dioc\u00e8se, d\u00e8s le 17 mars 1984, jusqu\u2019au 31 ao\u00fbt 1994. Il est fait Cardinal le 28 juin 1988 par le Pape Jean Paul ll, sous le titre cardinalice du Cardinal-Pr\u00eatre de Sa Saintet\u00e9 Martiri de l\u2019Uganda a Poggio Ameno. Son\u00a0sacerdoce en qualit\u00e9 d\u2019Archev\u00eaque va se poursuivre \u00e0 Douala. Nomm\u00e9\u00a0le 31 ao\u00fbt 1991, il se d\u00e9charge de cette mission sacerdotale, le 17 novembre 2009. Au moment de son d\u00e9c\u00e8s, le Cardinal Christian Tumi est Archev\u00eaque\u00a0Em\u00e9rite de Douala depuis 2009. Au\u00a0sein de la Curie romaine, il a \u00e9t\u00e9 membre de la Congr\u00e9gation pour l\u2019\u00e9vang\u00e9lisation des peuples, de la Congr\u00e9gation pour l\u2019\u00e9ducation catholique, de la Congr\u00e9gation pour le culte divin et la discipline des sacrements , du Conseil pontifical \u00abCor umum\u00bb pour la promotion de de la dignit\u00e9 humaine et du Conseil pontifical pour la famille.<\/p>\n<p>Sa vie civile et ses positions politiques sur le Cameroun et de l\u2019Afrique resteront longtemps grav\u00e9es dans les m\u00e9moires. Il se prononce en 2009 contre la d\u00e9criminalisation de l\u2019homosexualit\u00e9. Il s\u2019opposera vigoureusement au gouvernement camerounais apr\u00e8s la ratification de la D\u00e9claration de Maputo de 2003 sur les Droits humains en Afrique. Accompagn\u00e9 d\u2019une forte d\u00e9l\u00e9gation constitu\u00e9e de dignitaires musulmans, protestants, presbyt\u00e9riens etc\u2026), le Cardinal Christian Tumi sera re\u00e7u le\u00a018 d\u00e9cembre 2019, en audience par le Premier Ministre Joseph Dion Ngute. A cette occasion, il remettra, dans le cadre de la pr\u00e9paration du Grand Dialogue National, un document de contributions en pr\u00e9lude \u00e0 cet \u00e9v\u00e9nement politique national. \u00abNous devons nous parler avec honn\u00eatet\u00e9. Les hommes de Dieu sont oblig\u00e9s de tout faire, m\u00eame au prix de notre vie, pour que la paix revienne chez nous\u00bb, avait-il indiqu\u00e9 aux sortirs.\u00a0Il sera d\u2019ailleurs Pr\u00e9sident de la Commission n\u00b04 du Grand Dialogue National, sur le \u00abRetour des r\u00e9fugi\u00e9s et des personnes d\u00e9plac\u00e9es\u00bb. Il tentera d\u2019organiser, sans succ\u00e8s, la All Anglophone Conference, pour ramener la paix dans les R\u00e9gions anglophones du Nord-ouest et du Sud-Ouest en conflit s\u00e9paratiste contre l\u2019Etat du Cameroun. Apr\u00e8s\u00a065 ans de vie religieuse, le c\u00e9l\u00e8bre pr\u00e9lat tire sa r\u00e9v\u00e9rence, \u00e2g\u00e9 de 91 ans. Il \u00e9tait n\u00e9\u00a0le 15 octobre 1930 \u00e0 kikaikelaki, petite localit\u00e9 pr\u00e8s de Kumbo, dans la R\u00e9gion du Nord-ouest-ouest.<\/p>\n<p>Auteur: Georges Semey<br \/>\n<a href=\"https:\/\/ecomatin.net\/le-cardinal-christian-tumi-est-mortt\/\">Cliquez ici pour lire l&rsquo;article depuis sa source.<\/a><\/p>\n","protected":false},"excerpt":{"rendered":"<p>Apr\u00e8s une semaine de maladie, c\u2019est aux environs de 3 heures du matin que l\u2019Archev\u00eaque \u00c9m\u00e9rite de la ville de Douala a rendu l\u2019\u00e2me \u00e0 Douala. Le Cardinal Christian Tumi s\u2019en est all\u00e9 en pleine c\u00e9l\u00e9bration de la semaine sainte pascale. L\u2019annonce de sa mort a \u00e9t\u00e9 rendue publique par l\u2019Archev\u00eaque m\u00e9tropolitain de la ville [&hellip;]<\/p>\n","protected":false},"author":1969,"featured_media":0,"comment_status":"closed","ping_status":"closed","sticky":false,"template":"","format":"standard","meta":{"fifu_image_url":"","fifu_image_alt":"","footnotes":""},"categories":[82,78],"tags":[],"class_list":["post-114277","post","type-post","status-publish","format-standard","hentry","category-cameroun","category-economie"],"_links":{"self":[{"href":"https:\/\/linitiative.ca\/International\/wp-json\/wp\/v2\/posts\/114277","targetHints":{"allow":["GET"]}}],"collection":[{"href":"https:\/\/linitiative.ca\/International\/wp-json\/wp\/v2\/posts"}],"about":[{"href":"https:\/\/linitiative.ca\/International\/wp-json\/wp\/v2\/types\/post"}],"author":[{"embeddable":true,"href":"https:\/\/linitiative.ca\/International\/wp-json\/wp\/v2\/users\/1969"}],"replies":[{"embeddable":true,"href":"https:\/\/linitiative.ca\/International\/wp-json\/wp\/v2\/comments?post=114277"}],"version-history":[{"count":0,"href":"https:\/\/linitiative.ca\/International\/wp-json\/wp\/v2\/posts\/114277\/revisions"}],"wp:attachment":[{"href":"https:\/\/linitiative.ca\/International\/wp-json\/wp\/v2\/media?parent=114277"}],"wp:term":[{"taxonomy":"category","embeddable":true,"href":"https:\/\/linitiative.ca\/International\/wp-json\/wp\/v2\/categories?post=114277"},{"taxonomy":"post_tag","embeddable":true,"href":"https:\/\/linitiative.ca\/International\/wp-json\/wp\/v2\/tags?post=114277"}],"curies":[{"name":"wp","href":"https:\/\/api.w.org\/{rel}","templated":true}]}}