{"id":114279,"date":"2021-04-03T10:22:25","date_gmt":"2021-04-03T14:22:25","guid":{"rendered":"https:\/\/linitiative.ca\/International\/le-feicom-octroie-77-milliards-a-22-ctd\/"},"modified":"2021-04-03T10:22:25","modified_gmt":"2021-04-03T14:22:25","slug":"le-feicom-octroie-77-milliards-a-22-ctd","status":"publish","type":"post","link":"https:\/\/linitiative.ca\/International\/le-feicom-octroie-77-milliards-a-22-ctd\/","title":{"rendered":"Le FEICOM octroie 7,7 milliards \u00e0 22 CTD"},"content":{"rendered":"<p>Le Comit\u00e9 des concours financiers du Feicom (Fonds sp\u00e9cial d\u2019\u00e9quipement et d\u2019intervention intercommunale) vient d\u2019attribuer 24 financements d\u2019une valeur de\u00a0\u00a07,721 milliards de Fcfa \u00e0 22 Collectivit\u00e9s territoriales d\u00e9centralis\u00e9es (CTD). C\u2019\u00e9tait au cours des travaux de ses 37<sup>e<\/sup>\u00a0et 38<sup>e<\/sup>\u00a0sessions tenus le 30 mars 2021, et qui ont permis d\u2019examiner les demandes de financement de ces entit\u00e9s locales qui ont re\u00e7u approbation.<\/p>\n<p><strong>Lire aussi<\/strong> : <strong><a href=\"https:\/\/ecomatin.net\/le-feicom-veut-auditer-le-prodesv\/\">Le Feicom veut auditer le Prodesv<\/a><\/strong><\/p>\n<p>Les financements couvriront trois secteurs\u00a0que sont l\u2019\u00e9ducation, la sant\u00e9 et les infrastructures, avec une part pr\u00e9pond\u00e9rante accord\u00e9e aux \u00e9quipements et infrastructures marchandes de l\u2019ordre de 5,355 milliards de Fcfa, soit 69% de l\u2019enveloppe globale. Selon le Feicom, les projets retenus \u00ab r\u00e9pondent aux besoins exprim\u00e9s par les populations \u00e0 travers les Plans communaux de d\u00e9veloppement. Ils sont \u00e9galement align\u00e9s sur les priorit\u00e9s du gouvernement contenues dans la Strat\u00e9gie nationale de d\u00e9veloppement (SND30) et sont en coh\u00e9rence avec les objectifs de d\u00e9veloppement durable (ODD) et les engagements internationaux auxquels le Cameroun a souscrit\u00a0\u00bb, peut-on lire dans le communiqu\u00e9 rendu public au terme des travaux.<\/p>\n<p><strong>Lire aussi<\/strong> : <strong><a href=\"https:\/\/ecomatin.net\/le-feicom-allege-de-10-la-dette-des-communes\/\">Le F\u00e9icom all\u00e8ge de 10% la dette des communes<\/a><\/strong><\/p>\n<p>Les b\u00e9n\u00e9ficiaires de ces fonds sont les communes de\u00a0: Banyo, Mbe, Ngaoundal, Ngaond\u00e9r\u00e9 2<sup>e<\/sup>, Ngaound\u00e9r\u00e9 3<sup>e<\/sup>, Nanga-Eboko, Yaound\u00e9 1<sup>er<\/sup>, Ombessa, Dimako, Touloum, Tokomb\u00e9r\u00e9, Mindif, Mayo Houma, Garoua 2<sup>e<\/sup>, Elak Oku, Foumban, Sangmelima, Kye Ossi, Djoum, Ebolowa 1<sup>er<\/sup>, Konye et la Communaut\u00e9 urbaine de Bafoussam.<\/p>\n<p>Auteur: Cindy MBALA<br \/>\n<a href=\"https:\/\/ecomatin.net\/le-feicom-octroie-77-milliards-a-22-ctd\/\">Cliquez ici pour lire l&rsquo;article depuis sa source.<\/a><\/p>\n","protected":false},"excerpt":{"rendered":"<p>Le Comit\u00e9 des concours financiers du Feicom (Fonds sp\u00e9cial d\u2019\u00e9quipement et d\u2019intervention intercommunale) vient d\u2019attribuer 24 financements d\u2019une valeur de\u00a0\u00a07,721 milliards de Fcfa \u00e0 22 Collectivit\u00e9s territoriales d\u00e9centralis\u00e9es (CTD). C\u2019\u00e9tait au cours des travaux de ses 37e\u00a0et 38e\u00a0sessions tenus le 30 mars 2021, et qui ont permis d\u2019examiner les demandes de financement de ces entit\u00e9s [&hellip;]<\/p>\n","protected":false},"author":1969,"featured_media":0,"comment_status":"closed","ping_status":"closed","sticky":false,"template":"","format":"standard","meta":{"fifu_image_url":"","fifu_image_alt":"","footnotes":""},"categories":[82,78],"tags":[],"class_list":["post-114279","post","type-post","status-publish","format-standard","hentry","category-cameroun","category-economie"],"_links":{"self":[{"href":"https:\/\/linitiative.ca\/International\/wp-json\/wp\/v2\/posts\/114279","targetHints":{"allow":["GET"]}}],"collection":[{"href":"https:\/\/linitiative.ca\/International\/wp-json\/wp\/v2\/posts"}],"about":[{"href":"https:\/\/linitiative.ca\/International\/wp-json\/wp\/v2\/types\/post"}],"author":[{"embeddable":true,"href":"https:\/\/linitiative.ca\/International\/wp-json\/wp\/v2\/users\/1969"}],"replies":[{"embeddable":true,"href":"https:\/\/linitiative.ca\/International\/wp-json\/wp\/v2\/comments?post=114279"}],"version-history":[{"count":0,"href":"https:\/\/linitiative.ca\/International\/wp-json\/wp\/v2\/posts\/114279\/revisions"}],"wp:attachment":[{"href":"https:\/\/linitiative.ca\/International\/wp-json\/wp\/v2\/media?parent=114279"}],"wp:term":[{"taxonomy":"category","embeddable":true,"href":"https:\/\/linitiative.ca\/International\/wp-json\/wp\/v2\/categories?post=114279"},{"taxonomy":"post_tag","embeddable":true,"href":"https:\/\/linitiative.ca\/International\/wp-json\/wp\/v2\/tags?post=114279"}],"curies":[{"name":"wp","href":"https:\/\/api.w.org\/{rel}","templated":true}]}}