{"id":114280,"date":"2021-04-03T10:33:49","date_gmt":"2021-04-03T14:33:49","guid":{"rendered":"https:\/\/linitiative.ca\/International\/fourniture-electrique-la-ligne-de-transport-denergie-de-memveele-accuse-un-retard-de-livraison\/"},"modified":"2021-04-03T10:33:49","modified_gmt":"2021-04-03T14:33:49","slug":"fourniture-electrique-la-ligne-de-transport-denergie-de-memveele-accuse-un-retard-de-livraison","status":"publish","type":"post","link":"https:\/\/linitiative.ca\/International\/fourniture-electrique-la-ligne-de-transport-denergie-de-memveele-accuse-un-retard-de-livraison\/","title":{"rendered":"Fourniture \u00e9lectrique : la ligne de transport d\u2019\u00e9nergie de Memve\u2019ele accuse un retard de livraison"},"content":{"rendered":"<p>La fourniture en \u00e9nergie \u00e9lectrique au Cameroun, connait depuis peu des perturbations. C\u2019est dans l\u2019optique d\u2019apporter des \u00e9clairages sur cette situation qu\u2019une conf\u00e9rence de presse conjointe entre les ministres de l\u2019Eau et de l\u2019Energie, Gaston Eloundou Essomba et celui de la Communication Ren\u00e9 Emmanuel Sadi a \u00e9t\u00e9 organis\u00e9 le 1<sup>er<\/sup>\u00a0avril 2021.<\/p>\n<p>Plusieurs ouvrages \u00e9lectrique devant alors contribuer \u00e0 r\u00e9sorber ce probl\u00e8me de fourniture \u00e9nerg\u00e9tique au Cameroun sont soit en construction, soit d\u00e9j\u00e0 op\u00e9rationnels. L\u2019un des projets phares attendu dans le r\u00e9seau interconnect\u00e9 Sud notamment et devant augmenter les capacit\u00e9s de fourniture d\u2019\u00e9lectricit\u00e9 dans cette partie du pays est la centrale hydro\u00e9lectrique de Memve\u2019ele, qui est un projet d\u2019am\u00e9nagement hydro\u00e9lectrique d\u2019une capacit\u00e9 de 211 m\u00e9gawatts (MW) sur le fleuve Ntem, avec un ligne de transport associ\u00e9e de 270KM, allant de Nyabizan \u00e0 Yaound\u00e9. Lors de son passage devant la Commission des finances et du budget de l\u2019Assembl\u00e9e nationale au mois de novembre 2020, le ministre de l\u2019Eau et de l\u2019Energie (Minee), Gaston Eloundou Essomba, \u00e9tait revenu sur les perspectives \u00e0 court terme de ce projet. Il a faisait savoir notamment que \u00ab\u00a0la mise en service d\u00e9finitive de la ligne de transport est pr\u00e9vue pour le mois de mars 2021, tandis que la mise en service commerciale de la centrale est pr\u00e9vue pour le mois de septembre 2021\u00a0\u00bb. Mais jusqu\u2019\u00e0 ce d\u00e9but de mois d\u2019avril 2021, il en n\u2019est rien.<\/p>\n<p><strong>Lire aussi<\/strong> : <strong><a href=\"https:\/\/ecomatin.net\/production-delectricite-memveele-et-mekin-definitivement-operationnels-en-2021\/\">Production d\u2019\u00e9lectricit\u00e9 : Memve\u2019ele et Mekin d\u00e9finitivement op\u00e9rationnels en 2021<\/a><\/strong><\/p>\n<p>\u00ab\u00a0La centrale hydro\u00e9lectrique de Memve\u2019ele quant \u00e0 elle injecte d\u00e9j\u00e0 90MW par jour dans le r\u00e9seau interconnect\u00e9 Sud. Une fois les travaux de construction de la ligne de 225\u00a0000 volts achev\u00e9s d\u2019ici juin 2021. Cette production va passer \u00e0 211 MW. Il ne reste que 5KM de ligne de transport \u00e0 construire sur un lin\u00e9aire total de 270 KM\u00bb, fait savoir Gaston Eloundou Essomba, dans son allocution du jour. Trois mois de plus sont alors accord\u00e9s \u00e0 la finalisation de ce projet qui devait durer au d\u00e9part 54 mois, pour une enveloppe de 365 milliards de Fcfa.<\/p>\n<p><strong>Lire aussi<\/strong> : <strong><a href=\"https:\/\/ecomatin.net\/barrage-hydroelectrique-memveele-confie-a-edc\/\">Barrage hydro\u00e9lectrique: Memve\u2019Ele confi\u00e9 \u00e0 EDC<\/a><\/strong><\/p>\n<p>Toutefois il convient de noter qu\u2019avec sa mise en activit\u00e9 partielle la centrale de Memve\u2019ele a d\u00e9j\u00e0 engendr\u00e9e des retomb\u00e9es de l\u2019ordre de milliards de Fcfa.\u00a0\u00ab\u00a0Les recettes g\u00e9n\u00e9r\u00e9es depuis la mise sous tension d\u2019avril 2019 jusqu\u2019\u00e0 octobre 2020 s\u2019\u00e9l\u00e8vent \u00e0 environ 27,557 milliards de Fcfa\u00bb, indiquait le Minee devant les parlementaires. L\u2019Etat commence donc d\u00e9j\u00e0 \u00e0 avoir un retour d\u2019investissement de 243 milliards de Fcfa, hormis les vois d\u2019acc\u00e8s au site et la ligne d\u2019\u00e9vacuation et de transport de l\u2019\u00e9nergie qui ont co\u00fbt\u00e9 140 milliards de Fcfa.<\/p>\n<p><strong>Causes<\/strong><\/p>\n<p>Selon le ministre de l\u2019Eau et de l\u2019Energie les diff\u00e9rents d\u00e9lestages observ\u00e9s ces jours sont caus\u00e9s dans les domaines du transport et de distribution de l\u2019\u00e9lectricit\u00e9 sur l\u2019ensemble du territoire. Pour pr\u00e9senter ces causes au cas par cas, l\u2019on a dans le r\u00e9seau interconnect\u00e9 Sud, la v\u00e9tust\u00e9 et la surcharge des \u00e9quipements de transport et de distribution li\u00e9e \u00e0 une forte croissance d\u00e9mographique. Du c\u00f4t\u00e9 du r\u00e9seau interconnect\u00e9 Nord l\u2019on a pour cause principale la faible hydrologie dans le bassin de la B\u00e9nou\u00e9. Quant au r\u00e9seau interconnect\u00e9 Est, la capacit\u00e9 de la centrale thermique de Bertoua n\u2019est pas \u00e0 mesure de satisfaire la demande potentielle de la r\u00e9gion, l\u2019entretien insuffisant des entreprises des lignes de distribution et les feux de brousse caus\u00e9s par l\u2019action humaine sont les principales causes dans cette r\u00e9gion.<\/p>\n<p><strong>Lire aussi<\/strong> : <strong><a href=\"https:\/\/ecomatin.net\/la-centrale-technique-de-garoua-au-ralenti-faute-de-piecess-de-rechange\/\">La centrale technique de Garoua au ralenti faute de pi\u00e8ces de rechange<\/a><\/strong><\/p>\n<p>Auteur: Cindy MBALA<br \/>\n<a href=\"https:\/\/ecomatin.net\/fourniture-electrique-la-ligne-de-transport-denergie-de-memveele-accuse-un-retard-de-livraison\/\">Cliquez ici pour lire l&rsquo;article depuis sa source.<\/a><\/p>\n","protected":false},"excerpt":{"rendered":"<p>La fourniture en \u00e9nergie \u00e9lectrique au Cameroun, connait depuis peu des perturbations. C\u2019est dans l\u2019optique d\u2019apporter des \u00e9clairages sur cette situation qu\u2019une conf\u00e9rence de presse conjointe entre les ministres de l\u2019Eau et de l\u2019Energie, Gaston Eloundou Essomba et celui de la Communication Ren\u00e9 Emmanuel Sadi a \u00e9t\u00e9 organis\u00e9 le 1er\u00a0avril 2021. Plusieurs ouvrages \u00e9lectrique devant [&hellip;]<\/p>\n","protected":false},"author":1969,"featured_media":0,"comment_status":"closed","ping_status":"closed","sticky":false,"template":"","format":"standard","meta":{"fifu_image_url":"","fifu_image_alt":"","footnotes":""},"categories":[82,78],"tags":[],"class_list":["post-114280","post","type-post","status-publish","format-standard","hentry","category-cameroun","category-economie"],"_links":{"self":[{"href":"https:\/\/linitiative.ca\/International\/wp-json\/wp\/v2\/posts\/114280","targetHints":{"allow":["GET"]}}],"collection":[{"href":"https:\/\/linitiative.ca\/International\/wp-json\/wp\/v2\/posts"}],"about":[{"href":"https:\/\/linitiative.ca\/International\/wp-json\/wp\/v2\/types\/post"}],"author":[{"embeddable":true,"href":"https:\/\/linitiative.ca\/International\/wp-json\/wp\/v2\/users\/1969"}],"replies":[{"embeddable":true,"href":"https:\/\/linitiative.ca\/International\/wp-json\/wp\/v2\/comments?post=114280"}],"version-history":[{"count":0,"href":"https:\/\/linitiative.ca\/International\/wp-json\/wp\/v2\/posts\/114280\/revisions"}],"wp:attachment":[{"href":"https:\/\/linitiative.ca\/International\/wp-json\/wp\/v2\/media?parent=114280"}],"wp:term":[{"taxonomy":"category","embeddable":true,"href":"https:\/\/linitiative.ca\/International\/wp-json\/wp\/v2\/categories?post=114280"},{"taxonomy":"post_tag","embeddable":true,"href":"https:\/\/linitiative.ca\/International\/wp-json\/wp\/v2\/tags?post=114280"}],"curies":[{"name":"wp","href":"https:\/\/api.w.org\/{rel}","templated":true}]}}