{"id":114281,"date":"2021-04-03T13:13:05","date_gmt":"2021-04-03T17:13:05","guid":{"rendered":"https:\/\/linitiative.ca\/International\/covid19-la-situation-epidemiologique-au-3-avril-2021-a-18h00\/"},"modified":"2021-04-03T13:13:05","modified_gmt":"2021-04-03T17:13:05","slug":"covid19-la-situation-epidemiologique-au-3-avril-2021-a-18h00","status":"publish","type":"post","link":"https:\/\/linitiative.ca\/International\/covid19-la-situation-epidemiologique-au-3-avril-2021-a-18h00\/","title":{"rendered":"Covid19 : La situation \u00e9pid\u00e9miologique au 3 avril 2021 \u00e0 18H00"},"content":{"rendered":"<header>\n<\/header>\n<p>Auteur: ALM<br \/>\n<a href=\"https:\/\/aujourdhui.ma\/societe\/covid19-la-situation-epidemiologique-au-3-avril-2021-a-18h00\">Cliquez ici pour lire l&rsquo;article depuis sa source.<\/a><\/p>\n","protected":false},"excerpt":{"rendered":"<p>Auteur: ALM Cliquez ici pour lire l&rsquo;article depuis sa source.<\/p>\n","protected":false},"author":1759,"featured_media":0,"comment_status":"closed","ping_status":"closed","sticky":false,"template":"","format":"standard","meta":{"fifu_image_url":"","fifu_image_alt":"","footnotes":""},"categories":[73,54],"tags":[],"class_list":["post-114281","post","type-post","status-publish","format-standard","hentry","category-actualite","category-maroc"],"_links":{"self":[{"href":"https:\/\/linitiative.ca\/International\/wp-json\/wp\/v2\/posts\/114281","targetHints":{"allow":["GET"]}}],"collection":[{"href":"https:\/\/linitiative.ca\/International\/wp-json\/wp\/v2\/posts"}],"about":[{"href":"https:\/\/linitiative.ca\/International\/wp-json\/wp\/v2\/types\/post"}],"author":[{"embeddable":true,"href":"https:\/\/linitiative.ca\/International\/wp-json\/wp\/v2\/users\/1759"}],"replies":[{"embeddable":true,"href":"https:\/\/linitiative.ca\/International\/wp-json\/wp\/v2\/comments?post=114281"}],"version-history":[{"count":0,"href":"https:\/\/linitiative.ca\/International\/wp-json\/wp\/v2\/posts\/114281\/revisions"}],"wp:attachment":[{"href":"https:\/\/linitiative.ca\/International\/wp-json\/wp\/v2\/media?parent=114281"}],"wp:term":[{"taxonomy":"category","embeddable":true,"href":"https:\/\/linitiative.ca\/International\/wp-json\/wp\/v2\/categories?post=114281"},{"taxonomy":"post_tag","embeddable":true,"href":"https:\/\/linitiative.ca\/International\/wp-json\/wp\/v2\/tags?post=114281"}],"curies":[{"name":"wp","href":"https:\/\/api.w.org\/{rel}","templated":true}]}}