{"id":114282,"date":"2021-04-03T14:29:40","date_gmt":"2021-04-03T18:29:40","guid":{"rendered":"https:\/\/linitiative.ca\/International\/sommet-de-leducation-par-le-sport-en-afrique-52-experts-internationaux-et-programmation-de-40-conferences-et-ateliers-de-formation\/"},"modified":"2021-04-03T14:29:40","modified_gmt":"2021-04-03T18:29:40","slug":"sommet-de-leducation-par-le-sport-en-afrique-52-experts-internationaux-et-programmation-de-40-conferences-et-ateliers-de-formation","status":"publish","type":"post","link":"https:\/\/linitiative.ca\/International\/sommet-de-leducation-par-le-sport-en-afrique-52-experts-internationaux-et-programmation-de-40-conferences-et-ateliers-de-formation\/","title":{"rendered":"Sommet de l\u2019Education par le Sport en Afrique:\u00a052 experts internationaux et programmation de 40 conf\u00e9rences et ateliers de formation"},"content":{"rendered":"<figure class=\"post-thumbnail\" itemprop=\"associatedMedia\" itemscope=\"itemscope\" itemtype=\"http:\/\/schema.org\/ImageObject\"><img decoding=\"async\" class=\"post_layout_5_img\" src=\"http:\/\/aujourdhui.ma\/wp-content\/uploads\/2021\/04\/Sommet-de-lEducation-par-le-Sport-en-Afrique-52-experts-internationaux-et-programmation-de-40-conferences-et-ateliers-de-formation.jpg\" alt=\"Sommet de l\u2019Education par le Sport en Afrique:\u00a052 experts internationaux et programmation de 40 conf\u00e9rences et ateliers de formation\"\/><\/figure>\n<p class=\"c6\"><span class=\"c5\"><strong>Comme pr\u00e9vu, Saa\u00efd Amzazi, ministre de l\u2019\u00e9ducation nationale de la Formation professionnelle de l\u2019enseignement Sup\u00e9rieur et de la recherche scientifique et porte-parole du Gouvernement et Amine Zariat, pr\u00e9sident de l\u2019organisation TIBU Maroc ont donn\u00e9, samedi 3 avril, le coup d\u2019envoi du premier Sommet de l\u2019Education par le Sport en Afrique sous le th\u00e8me : \u00ab lib\u00e9rer le potentiel de la jeunesse africaine gr\u00e2ce \u00e0 la force du sport \u00bb.<\/strong><\/span> <span id=\"more-372900\"\/><\/p>\n<p class=\"c6\"><span class=\"c7\">Ce premier sommet sous plusieurs formats, en pr\u00e9sentiel et en virtuel- qui \u00a0se poursuit jusqu\u2019au 6 avril successivement \u00e0 Casablanca, Dakhla, La\u00e2youne et dans plus de 50 autres pays africains, se distingue par la participation 52 experts internationaux et la programmation de 40 conf\u00e9rences et ateliers de formations. Intervenant \u00e0 cette occasion, M. Amzazi a soulign\u00e9 l\u2019importance du sport et son pouvoir \u00e0 offrir un cadre universel pour l\u2019inclusion et l\u2019apprentissage des comp\u00e9tences qui permettent aux jeunes de faire face aux d\u00e9fis mondiaux par une approche ludique. L\u2019intervenant a appel\u00e9 \u00e0 favoriser l\u2019acc\u00e8s au sport pour tous, tout en insistant \u00a0sur le fait que la jeunesse issue de milieux d\u00e9favoris\u00e9es et les jeunes en difficult\u00e9 doivent constituer la priorit\u00e9 des projets d\u2019\u00e9ducation par le sport.<\/span><\/p>\n<p class=\"c6\"><span class=\"c7\">M. Amzazi a fait part \u00a0qu\u2019\u00e0 c\u00f4t\u00e9 de l\u2019\u00e9ducation physique et sportive en tant que discipline pratiqu\u00e9e dans le cadre d\u2019un programme scolaire, il est n\u00e9cessaire de rendre hommage \u00e0 la multitude des associations et des actions\u00a0 locales qui, \u00e0 l\u2019image de TIBU, relient partenaires socio-\u00e9ducatifs, territoriaux et scolaires pour permettre aux jeunes, en particulier ceux en difficult\u00e9, \u00e0 travers le sport, de s\u2019ins\u00e9rer, d\u2019acqu\u00e9rir des valeurs de citoyennet\u00e9, de vivre ensemble, de solidarit\u00e9, et de canaliser leurs \u00e9nergies n\u00e9gatives.\u00a0\u00a0<\/span><\/p>\n<p class=\"c6\"><span class=\"c7\">De son c\u00f4t\u00e9, M. Zariat s\u2019est r\u00e9joui de l\u2019organisation de cet \u00e9v\u00e9nement \u00e0 c\u00f4t\u00e9 de d\u00e9partement de tutelle qui a rejoint son expertise \u00e0 celui de TIBU Maroc pour porter un sommet in\u00e9dit pour l\u2019Afrique. \u00ab Ce sommet vient d\u2019abord pour r\u00e9unir tous les acteurs, lib\u00e9rer les potentiels et les \u00e9nergies, renforcer les comp\u00e9tences des acteurs, construire un plaidoyer efficace, faire gagner le sport et c\u00e9l\u00e9brer la Journ\u00e9e Mondiale du Sport pour le D\u00e9veloppement et la Paix \u00bb, a-t-il dit. \u00a0<\/span><\/p>\n<p class=\"c6\"><span class=\"c7\">Par ailleurs, le lancement de ce premier sommet, lors d\u2019une pl\u00e9ni\u00e8re minist\u00e9rielle qui a rassembl\u00e9 plusieurs repr\u00e9sentations minist\u00e9rielles et diplomatiques africaines et ONG.\u00a0Il a accueilli \u00e0 c\u00f4t\u00e9 des organisateurs du sommet une haute repr\u00e9sentation des ministres africains du Cameroun, Guin\u00e9e, Madagascar, Mauritanie, Rwanda, Tchad, Togo, Congo, S\u00e9n\u00e9gal et la Tunisie. Ainsi que des Organisations internationales et f\u00e9d\u00e9rations. La pl\u00e9ni\u00e8re a permis de r\u00e9pertorier plusieurs initiatives favorisant le sport et le d\u00e9veloppement au sein des pays Africains dans une optique de conjoindre les efforts pour un placement du sport comme une n\u00e9cessit\u00e9 institutionnelle et identitaire dans les pays Africains.<\/span><\/p>\n<p class=\"c6\"><span class=\"c7\">\u00a0<\/span><\/p>\n<p>Auteur: ALM<br \/>\n<a href=\"https:\/\/aujourdhui.ma\/societe\/sommet-de-leducation-par-le-sport-en-afrique-52-experts-internationaux-et-programmation-de-40-conferences-et-ateliers-de-formation\">Cliquez ici pour lire l&rsquo;article depuis sa source.<\/a><\/p>\n","protected":false},"excerpt":{"rendered":"<p>Comme pr\u00e9vu, Saa\u00efd Amzazi, ministre de l\u2019\u00e9ducation nationale de la Formation professionnelle de l\u2019enseignement Sup\u00e9rieur et de la recherche scientifique et porte-parole du Gouvernement et Amine Zariat, pr\u00e9sident de l\u2019organisation TIBU Maroc ont donn\u00e9, samedi 3 avril, le coup d\u2019envoi du premier Sommet de l\u2019Education par le Sport en Afrique sous le th\u00e8me : \u00ab [&hellip;]<\/p>\n","protected":false},"author":1759,"featured_media":0,"comment_status":"closed","ping_status":"closed","sticky":false,"template":"","format":"standard","meta":{"fifu_image_url":"http:\/\/aujourdhui.ma\/wp-content\/uploads\/2021\/04\/Sommet-de-lEducation-par-le-Sport-en-Afrique-52-experts-internationaux-et-programmation-de-40-conferences-et-ateliers-de-formation.jpg","fifu_image_alt":"Sommet de l\u2019Education par le Sport en Afrique:\u00a052 experts internationaux et programmation de 40 conf\u00e9rences et ateliers de formation","footnotes":""},"categories":[73,54],"tags":[],"class_list":["post-114282","post","type-post","status-publish","format-standard","hentry","category-actualite","category-maroc"],"_links":{"self":[{"href":"https:\/\/linitiative.ca\/International\/wp-json\/wp\/v2\/posts\/114282","targetHints":{"allow":["GET"]}}],"collection":[{"href":"https:\/\/linitiative.ca\/International\/wp-json\/wp\/v2\/posts"}],"about":[{"href":"https:\/\/linitiative.ca\/International\/wp-json\/wp\/v2\/types\/post"}],"author":[{"embeddable":true,"href":"https:\/\/linitiative.ca\/International\/wp-json\/wp\/v2\/users\/1759"}],"replies":[{"embeddable":true,"href":"https:\/\/linitiative.ca\/International\/wp-json\/wp\/v2\/comments?post=114282"}],"version-history":[{"count":0,"href":"https:\/\/linitiative.ca\/International\/wp-json\/wp\/v2\/posts\/114282\/revisions"}],"wp:attachment":[{"href":"https:\/\/linitiative.ca\/International\/wp-json\/wp\/v2\/media?parent=114282"}],"wp:term":[{"taxonomy":"category","embeddable":true,"href":"https:\/\/linitiative.ca\/International\/wp-json\/wp\/v2\/categories?post=114282"},{"taxonomy":"post_tag","embeddable":true,"href":"https:\/\/linitiative.ca\/International\/wp-json\/wp\/v2\/tags?post=114282"}],"curies":[{"name":"wp","href":"https:\/\/api.w.org\/{rel}","templated":true}]}}