{"id":114290,"date":"2021-04-04T11:58:35","date_gmt":"2021-04-04T15:58:35","guid":{"rendered":"https:\/\/linitiative.ca\/International\/rencontre-de-communication-sur-le-regime-de-la-cpu\/"},"modified":"2021-04-04T11:58:35","modified_gmt":"2021-04-04T15:58:35","slug":"rencontre-de-communication-sur-le-regime-de-la-cpu","status":"publish","type":"post","link":"https:\/\/linitiative.ca\/International\/rencontre-de-communication-sur-le-regime-de-la-cpu\/","title":{"rendered":"Rencontre de communication sur le r\u00e9gime de la CPU"},"content":{"rendered":"<div readability=\"37\">\n<p>Marrakech- Une rencontre de communication a \u00e9t\u00e9 tenue r\u00e9cemment, au si\u00e8ge de la wilaya de la r\u00e9gion Marrakech-Safi, avec pour objectif d\u2019expliquer le r\u00e9gime de la Contribution Professionnelle Unique (CPU) et l\u2019Assurance m\u00e9dicale obligatoire de base pour les travailleurs non-salari\u00e9s soumis \u00e0 ce r\u00e9gime.<\/p>\n<\/div>\n<div readability=\"105\">\n<p>Cette r\u00e9union a \u00e9t\u00e9 pr\u00e9sid\u00e9e par le wali de la r\u00e9gion, Karim Kassi-Lahlou, en pr\u00e9sence du pr\u00e9sident de la Chambre de commerce, d\u2019industrie et de services, du vice-pr\u00e9sident de la Chambre de l\u2019artisanat, des chefs des services ext\u00e9rieurs concern\u00e9s, ainsi que des responsables et des repr\u00e9sentants des associations des cat\u00e9gories professionnelles concern\u00e9es par le r\u00e9gime de la CPU.<\/p>\n<p>Dans un mot \u00e0 cette occasion, M. Kassi-Lahlou a soulign\u00e9 l\u2019importance du th\u00e8me de la rencontre, qui s\u2019inscrit dans le cadre de la mise en \u0153uvre d\u2019un grand chantier national ambitieux, \u00e0 savoir celui d\u2019assurer la protection sociale pour tous les Marocains au cours des cinq prochaines ann\u00e9es, comme l\u2019a annonc\u00e9 SM le Roi Mohammed VI dans le discours du Tr\u00f4ne de 2020 et r\u00e9affirm\u00e9 \u00e0 l\u2019occasion de l\u2019ouverture de l\u2019ann\u00e9e l\u00e9gislative en octobre dernier.<\/p>\n<p>Ce chantier de grande envergure dont tous les Marocains doivent \u00eatre fiers, a-t-il ajout\u00e9, pourrait constituer un levier pour l\u2019int\u00e9gration du secteur informel dans le tissu \u00e9conomique national et la consolidation des principes de droit, d\u2019\u00e9quit\u00e9 et de solidarit\u00e9 au sein de la soci\u00e9t\u00e9, tout en appelant \u00e0 une adh\u00e9sion collective, agissante et positive \u00e0 ce noble projet soci\u00e9tal, \u00e0 m\u00eame de le prot\u00e9ger contre toute d\u00e9rive ou exploitation politicienne ou cat\u00e9gorielle.<\/p>\n<p>Le responsable a aussi rappel\u00e9 les diff\u00e9rentes \u00e9tapes ayant marqu\u00e9 ce projet avant son aboutissement ainsi que les mesures juridiques prises pour sa concr\u00e9tisation sur le terrain, notamment l\u2019amendement adopt\u00e9 en vertu de la loi de finances 2021 qui a institu\u00e9 la CPU en tant que nouveau r\u00e9gime fiscal en remplacement du r\u00e9gime du b\u00e9n\u00e9fice forfaitaire.<\/p>\n<p>Par la suite, le directeur r\u00e9gional de la Caisse Nationale de S\u00e9curit\u00e9 Sociale (CNSS) et la directrice r\u00e9gionale des Imp\u00f4ts ont pr\u00e9sent\u00e9 des expos\u00e9s au cours desquels ils ont pass\u00e9 en revue les objectifs vis\u00e9s par ce nouveau r\u00e9gime et les avantages qu\u2019il accorde aux cat\u00e9gories cibl\u00e9es.<\/p>\n<p>Ils ont \u00e9galement explicit\u00e9 toutes les d\u00e9marches et proc\u00e9dures \u00e0 suivre pour s\u2019inscrire et contribuer \u00e0 ce r\u00e9gime qui vise, en premier lieu, la g\u00e9n\u00e9ralisation de la protection sociale au profit de ces cat\u00e9gories de travailleurs pour pouvoir tirer profit, \u00e0 l\u2019instar des autres cat\u00e9gories assur\u00e9es, de l\u2019assurance maladie dont vont b\u00e9n\u00e9ficier pr\u00e8s de 22 millions de Marocains suppl\u00e9mentaires.<\/p>\n<p>De leur c\u00f4t\u00e9, l\u2019ensemble des pr\u00e9sidents des associations professionnelles concern\u00e9es ont exprim\u00e9 leur joie et profonde gratitude \u00e0 SM le Roi pour la Haute Sollicitude dont le Souverain entoure toutes les cat\u00e9gories sociales et Sa volont\u00e9 de veiller \u00e0 la protection de Ses fid\u00e8les sujets, tout en soulignant leur pleine adh\u00e9sion \u00e0 cette initiative et invitant les services concern\u00e9s \u00e0 expliquer et \u00e0 clarifier davantage les dispositions de ce r\u00e9gime.<\/p>\n<p>En interaction avec ces interventions, le wali de la r\u00e9gion a appel\u00e9 les services de la direction r\u00e9gionale des Imp\u00f4ts et la direction r\u00e9gionale de la CNSS \u00e0 la mobilisation totale pour l\u2019accompagnement des professionnels et la lev\u00e9e de toute confusion ou incompr\u00e9hension autour de ce r\u00e9gime, dans le cadre d\u2019une approche de concertation et de dialogue constructif.<\/p>\n<p>Il a, en outre, insist\u00e9 sur la n\u00e9cessit\u00e9 de soutenir ces cat\u00e9gories professionnelles et de leur pr\u00e9senter toutes les pr\u00e9cisions pour l\u2019adh\u00e9sion \u00e0 ce nouveau r\u00e9gime fiscal, qui leur permettra de b\u00e9n\u00e9ficier de l\u2019assurance maladie que tout le monde attendait avec impatience, vu son impact sur leur situation sociale et leur stabilit\u00e9 familiale et psychologique.<\/p>\n<\/div>\n<p>Auteur: Mohammed KOURSI<br \/>\n<a href=\"http:\/\/www.mapmarrakech.ma\/fr\/rencontre-de-communication-sur-le-regime-de-la-cpu\/\">Cliquez ici pour lire l&rsquo;article depuis sa source.<\/a><\/p>\n","protected":false},"excerpt":{"rendered":"<p>Marrakech- Une rencontre de communication a \u00e9t\u00e9 tenue r\u00e9cemment, au si\u00e8ge de la wilaya de la r\u00e9gion Marrakech-Safi, avec pour objectif d\u2019expliquer le r\u00e9gime de la Contribution Professionnelle Unique (CPU) et l\u2019Assurance m\u00e9dicale obligatoire de base pour les travailleurs non-salari\u00e9s soumis \u00e0 ce r\u00e9gime. Cette r\u00e9union a \u00e9t\u00e9 pr\u00e9sid\u00e9e par le wali de la r\u00e9gion, [&hellip;]<\/p>\n","protected":false},"author":1788,"featured_media":0,"comment_status":"closed","ping_status":"closed","sticky":false,"template":"","format":"standard","meta":{"fifu_image_url":"","fifu_image_alt":"","footnotes":""},"categories":[54,76],"tags":[],"class_list":["post-114290","post","type-post","status-publish","format-standard","hentry","category-maroc","category-regions"],"_links":{"self":[{"href":"https:\/\/linitiative.ca\/International\/wp-json\/wp\/v2\/posts\/114290","targetHints":{"allow":["GET"]}}],"collection":[{"href":"https:\/\/linitiative.ca\/International\/wp-json\/wp\/v2\/posts"}],"about":[{"href":"https:\/\/linitiative.ca\/International\/wp-json\/wp\/v2\/types\/post"}],"author":[{"embeddable":true,"href":"https:\/\/linitiative.ca\/International\/wp-json\/wp\/v2\/users\/1788"}],"replies":[{"embeddable":true,"href":"https:\/\/linitiative.ca\/International\/wp-json\/wp\/v2\/comments?post=114290"}],"version-history":[{"count":0,"href":"https:\/\/linitiative.ca\/International\/wp-json\/wp\/v2\/posts\/114290\/revisions"}],"wp:attachment":[{"href":"https:\/\/linitiative.ca\/International\/wp-json\/wp\/v2\/media?parent=114290"}],"wp:term":[{"taxonomy":"category","embeddable":true,"href":"https:\/\/linitiative.ca\/International\/wp-json\/wp\/v2\/categories?post=114290"},{"taxonomy":"post_tag","embeddable":true,"href":"https:\/\/linitiative.ca\/International\/wp-json\/wp\/v2\/tags?post=114290"}],"curies":[{"name":"wp","href":"https:\/\/api.w.org\/{rel}","templated":true}]}}