{"id":114294,"date":"2021-04-04T08:08:58","date_gmt":"2021-04-04T12:08:58","guid":{"rendered":"https:\/\/linitiative.ca\/International\/vaccination-covid19-le-maroc-mene-la-danse\/"},"modified":"2021-04-04T08:08:58","modified_gmt":"2021-04-04T12:08:58","slug":"vaccination-covid19-le-maroc-mene-la-danse","status":"publish","type":"post","link":"https:\/\/linitiative.ca\/International\/vaccination-covid19-le-maroc-mene-la-danse\/","title":{"rendered":"Vaccination Covid19: Le Maroc m\u00e8ne la danse"},"content":{"rendered":"<p>Le Maroc reste un mod\u00e8le dans la lutte contre le Covid19. Le Royaume est l&rsquo;un des pays qui enregistrent les plus forts taux de vaccination par rapport \u00e0 la population. Avec 8 millions de vaccinations anti-Covid effectu\u00e9es, le Maroc \u201cm\u00e8ne la danse\u201d, \u00e9crit dimanche le magazine fran\u00e7ais Le Point, soulignant que depuis le d\u00e9but de la pand\u00e9mie, le Royaume \u00ab\u00a0d\u00e9roule une fois encore son savoir-faire\u00a0\u00bb.<\/p>\n<p>\u00ab\u00a0D&rsquo;un point de vue sanitaire, apr\u00e8s avoir atteint en 2020 l&rsquo;autonomie de la protection en fabriquant des masques puis en les exportant, le royaume continue dans sa lanc\u00e9e en vaccinant \u00e0 haute fr\u00e9quence\u00a0\u00bb, rel\u00e8ve le m\u00e9dia dans sa Lettre du Maghreb, sous le titre \u00ab\u00a0Maghreb: la guerre des doses\u00a0\u00bb.<\/p>\n<p>Au 2 avril,\u00a0 3,8 millions de Marocains avaient d\u00e9j\u00e0 re\u00e7u deux doses et 4,3 millions, une dose. \u00ab\u00a0Contre 53.000 en Tunisie et 75.000 en Alg\u00e9rie. Un foss\u00e9\u201d, souligne la publication. La comparaison entre le Maroc et l&rsquo;Alg\u00e9rie est \u201cd&rsquo;autant plus douloureuse pour les ego politiques que ce n&rsquo;est pas une question d&rsquo;argent, la capacit\u00e9 d&rsquo;achats d&rsquo;Alger n&rsquo;\u00e9tant remise en question par personne\u201d, rench\u00e9rit Le Point, notant que la \u201cguerre des doses\u201d se gagnant \u00e0 coups d&rsquo;influence, \u201cAlger p\u00e2tit de son absence de politique \u00e9trang\u00e8re pour cause de crise interne\u201d.<\/p>\n<p>Auteur: hgueye<br \/>\n<a href=\"https:\/\/www.leconomiste.com\/flash-infos\/vaccination-covid19-le-maroc-mene-la-danse\">Cliquez ici pour lire l&rsquo;article depuis sa source.<\/a><\/p>\n","protected":false},"excerpt":{"rendered":"<p>Le Maroc reste un mod\u00e8le dans la lutte contre le Covid19. Le Royaume est l&rsquo;un des pays qui enregistrent les plus forts taux de vaccination par rapport \u00e0 la population. Avec 8 millions de vaccinations anti-Covid effectu\u00e9es, le Maroc \u201cm\u00e8ne la danse\u201d, \u00e9crit dimanche le magazine fran\u00e7ais Le Point, soulignant que depuis le d\u00e9but de [&hellip;]<\/p>\n","protected":false},"author":1763,"featured_media":0,"comment_status":"closed","ping_status":"closed","sticky":false,"template":"","format":"standard","meta":{"fifu_image_url":"","fifu_image_alt":"","footnotes":""},"categories":[78,54],"tags":[],"class_list":["post-114294","post","type-post","status-publish","format-standard","hentry","category-economie","category-maroc"],"_links":{"self":[{"href":"https:\/\/linitiative.ca\/International\/wp-json\/wp\/v2\/posts\/114294","targetHints":{"allow":["GET"]}}],"collection":[{"href":"https:\/\/linitiative.ca\/International\/wp-json\/wp\/v2\/posts"}],"about":[{"href":"https:\/\/linitiative.ca\/International\/wp-json\/wp\/v2\/types\/post"}],"author":[{"embeddable":true,"href":"https:\/\/linitiative.ca\/International\/wp-json\/wp\/v2\/users\/1763"}],"replies":[{"embeddable":true,"href":"https:\/\/linitiative.ca\/International\/wp-json\/wp\/v2\/comments?post=114294"}],"version-history":[{"count":0,"href":"https:\/\/linitiative.ca\/International\/wp-json\/wp\/v2\/posts\/114294\/revisions"}],"wp:attachment":[{"href":"https:\/\/linitiative.ca\/International\/wp-json\/wp\/v2\/media?parent=114294"}],"wp:term":[{"taxonomy":"category","embeddable":true,"href":"https:\/\/linitiative.ca\/International\/wp-json\/wp\/v2\/categories?post=114294"},{"taxonomy":"post_tag","embeddable":true,"href":"https:\/\/linitiative.ca\/International\/wp-json\/wp\/v2\/tags?post=114294"}],"curies":[{"name":"wp","href":"https:\/\/api.w.org\/{rel}","templated":true}]}}