{"id":114296,"date":"2021-04-04T10:25:28","date_gmt":"2021-04-04T14:25:28","guid":{"rendered":"https:\/\/linitiative.ca\/International\/rabat-la-wilaya-interdit-les-manifestations-des-enseignants-contractuels\/"},"modified":"2021-04-04T10:25:28","modified_gmt":"2021-04-04T14:25:28","slug":"rabat-la-wilaya-interdit-les-manifestations-des-enseignants-contractuels","status":"publish","type":"post","link":"https:\/\/linitiative.ca\/International\/rabat-la-wilaya-interdit-les-manifestations-des-enseignants-contractuels\/","title":{"rendered":"Rabat: La wilaya interdit les manifestations des enseignants contractuels"},"content":{"rendered":"<p class=\"rtejustify\">Les autorit\u00e9s de la wilaya de la r\u00e9gion de Rabat-Sal\u00e9-K\u00e9nitra ont annonc\u00e9 l&rsquo;interdiction de tout attroupement ou rassemblement sur la voie publique pour \u00e9viter toute violation des dispositions de l&rsquo;\u00e9tat d&rsquo;urgence sanitaire. Cette interdiction fait suite \u00e0 des publications faisant \u00e9tat de sit-in des enseignants contractuels pr\u00e9vu mardi et mercredi prochain dans la capitale.<\/p>\n<p class=\"rtejustify\">\u00ab\u00a0Dans le cadre des mesures pr\u00e9ventives prises par le Gouvernement pour endiguer la propagation du Covid-19, notamment suite \u00e0 l&rsquo;apparition de nouvelles souches, et prenant en consid\u00e9ration la prolongation de l&rsquo;\u00e9tat d&rsquo;urgence sanitaire au 10 avril 2021, les autorit\u00e9s locales annoncent l&rsquo;interdiction de tout attroupement ou rassemblement sur la voie publique pour \u00e9viter toute violation des dispositions de l&rsquo;\u00e9tat d&rsquo;urgence sanitaire\u00a0\u00bb, rappellent les autorit\u00e9s dans un communiqu\u00e9. La wilaya lance d&rsquo;ailleurs un avertissement aux initiateurs de ces manifestations. \u00ab\u00a0Les autorit\u00e9s de la wilaya de Rabat-Sal\u00e9-K\u00e9nitra tiennent \u00e0 rappeler \u00e0 tous ceux qui appellent \u00e0 ce genre de manifestations la n\u00e9cessit\u00e9 de respecter la d\u00e9cision d&rsquo;interdiction, en les tenant responsables de tout ce qui pourrait r\u00e9sulter d&rsquo;actes contrevenant \u00e0 cette d\u00e9cision\u00a0\u00bb, lit-on dans la note.<\/p>\n<p class=\"rtejustify\">\u00a0<\/p>\n<p>Auteur: hgueye<br \/>\n<a href=\"https:\/\/www.leconomiste.com\/flash-infos\/rabat-la-wilaya-interdit-les-manifestations-des-enseignants-contractuels\">Cliquez ici pour lire l&rsquo;article depuis sa source.<\/a><\/p>\n","protected":false},"excerpt":{"rendered":"<p>Les autorit\u00e9s de la wilaya de la r\u00e9gion de Rabat-Sal\u00e9-K\u00e9nitra ont annonc\u00e9 l&rsquo;interdiction de tout attroupement ou rassemblement sur la voie publique pour \u00e9viter toute violation des dispositions de l&rsquo;\u00e9tat d&rsquo;urgence sanitaire. Cette interdiction fait suite \u00e0 des publications faisant \u00e9tat de sit-in des enseignants contractuels pr\u00e9vu mardi et mercredi prochain dans la capitale. \u00ab\u00a0Dans [&hellip;]<\/p>\n","protected":false},"author":1763,"featured_media":0,"comment_status":"closed","ping_status":"closed","sticky":false,"template":"","format":"standard","meta":{"fifu_image_url":"","fifu_image_alt":"","footnotes":""},"categories":[78,54],"tags":[],"class_list":["post-114296","post","type-post","status-publish","format-standard","hentry","category-economie","category-maroc"],"_links":{"self":[{"href":"https:\/\/linitiative.ca\/International\/wp-json\/wp\/v2\/posts\/114296","targetHints":{"allow":["GET"]}}],"collection":[{"href":"https:\/\/linitiative.ca\/International\/wp-json\/wp\/v2\/posts"}],"about":[{"href":"https:\/\/linitiative.ca\/International\/wp-json\/wp\/v2\/types\/post"}],"author":[{"embeddable":true,"href":"https:\/\/linitiative.ca\/International\/wp-json\/wp\/v2\/users\/1763"}],"replies":[{"embeddable":true,"href":"https:\/\/linitiative.ca\/International\/wp-json\/wp\/v2\/comments?post=114296"}],"version-history":[{"count":0,"href":"https:\/\/linitiative.ca\/International\/wp-json\/wp\/v2\/posts\/114296\/revisions"}],"wp:attachment":[{"href":"https:\/\/linitiative.ca\/International\/wp-json\/wp\/v2\/media?parent=114296"}],"wp:term":[{"taxonomy":"category","embeddable":true,"href":"https:\/\/linitiative.ca\/International\/wp-json\/wp\/v2\/categories?post=114296"},{"taxonomy":"post_tag","embeddable":true,"href":"https:\/\/linitiative.ca\/International\/wp-json\/wp\/v2\/tags?post=114296"}],"curies":[{"name":"wp","href":"https:\/\/api.w.org\/{rel}","templated":true}]}}